{"id":31582,"date":"2015-08-26T22:25:29","date_gmt":"2015-08-26T20:25:29","guid":{"rendered":"http:\/\/blog.coaster.de\/wp\/?p=31582"},"modified":"2015-08-26T22:25:29","modified_gmt":"2015-08-26T20:25:29","slug":"kurze-erinnerung-an-moserboden","status":"publish","type":"post","link":"https:\/\/www.gruen-wald.de\/wordpress\/notiz\/kurze-erinnerung-an-moserboden\/","title":{"rendered":"Kurze Erinnerung an: Moserboden"},"content":{"rendered":"<p>Hab mir heute mal die Aufnahmen vom Moserboden angeschaut, die ich dort 2013 gemacht habe.<\/p>\n<p>Der Besuch war mehr ein Unfall &#8211; eigentlich wollte ich woanders hin und hab mir ehrlich gesagt nicht so viel erwartet. Aber die Busfahrt dorthin war grad gratis und das Wetter unten schlecht also hab ich mal raufgeschaut. Der Boden ist irgendeine merkw\u00fcrdige Mischung aus Massentourismus, Technik-Verschandelei und undefinierbarer Bergmagie. Von den schnell vorbeiziehenden Wolken bis hin zur spektakul\u00e4ren Bergstra\u00dfe fand ich einfach alles dort ziemlich beeindruckend. Da kann Berchtesgaden mit der h\u00f6chsten Busstelle Deutschland gleich mal einpacken&#8230; Vielleicht von dort doch mal die Wege weiter nach oben steigen&#8230; hm&#8230;<\/p>\n<p><center><iframe loading=\"lazy\" src=\"https:\/\/www.youtube.com\/embed\/jcE69oO9_sg?rel=0&amp;showinfo=0\" width=\"560\" height=\"315\" frameborder=\"0\" allowfullscreen=\"allowfullscreen\"><\/iframe><\/center><\/p>\n","protected":false},"excerpt":{"rendered":"<p>Hab mir heute mal die Aufnahmen vom Moserboden angeschaut, die ich dort 2013 gemacht habe. Der Besuch war mehr ein&hellip;<\/p>\n","protected":false},"author":1,"featured_media":0,"comment_status":"open","ping_status":"open","sticky":false,"template":"","format":"standard","meta":{"footnotes":"","_links_to":"","_links_to_target":""},"categories":[13],"tags":[],"class_list":["post-31582","post","type-post","status-publish","format-standard","hentry","category-notiz"],"_links":{"self":[{"href":"https:\/\/www.gruen-wald.de\/wordpress\/wp-json\/wp\/v2\/posts\/31582"}],"collection":[{"href":"https:\/\/www.gruen-wald.de\/wordpress\/wp-json\/wp\/v2\/posts"}],"about":[{"href":"https:\/\/www.gruen-wald.de\/wordpress\/wp-json\/wp\/v2\/types\/post"}],"author":[{"embeddable":true,"href":"https:\/\/www.gruen-wald.de\/wordpress\/wp-json\/wp\/v2\/users\/1"}],"replies":[{"embeddable":true,"href":"https:\/\/www.gruen-wald.de\/wordpress\/wp-json\/wp\/v2\/comments?post=31582"}],"version-history":[{"count":0,"href":"https:\/\/www.gruen-wald.de\/wordpress\/wp-json\/wp\/v2\/posts\/31582\/revisions"}],"wp:attachment":[{"href":"https:\/\/www.gruen-wald.de\/wordpress\/wp-json\/wp\/v2\/media?parent=31582"}],"wp:term":[{"taxonomy":"category","embeddable":true,"href":"https:\/\/www.gruen-wald.de\/wordpress\/wp-json\/wp\/v2\/categories?post=31582"},{"taxonomy":"post_tag","embeddable":true,"href":"https:\/\/www.gruen-wald.de\/wordpress\/wp-json\/wp\/v2\/tags?post=31582"}],"curies":[{"name":"wp","href":"https:\/\/api.w.org\/{rel}","templated":true}]}}