{"id":31493,"date":"2015-08-07T07:36:24","date_gmt":"2015-08-07T05:36:24","guid":{"rendered":"http:\/\/blog.coaster.de\/wp\/?p=31493"},"modified":"2015-08-07T07:36:24","modified_gmt":"2015-08-07T05:36:24","slug":"gamescom-der-donnerstag","status":"publish","type":"post","link":"https:\/\/www.gruen-wald.de\/wordpress\/games\/gamescom-der-donnerstag\/","title":{"rendered":"gamescom &#8211; Der Donnerstag"},"content":{"rendered":"<p><img loading=\"lazy\" decoding=\"async\" class=\"alignleft\" title=\"gamescom\" src=\"http:\/\/blog.coaster.de\/wp\/wp-content\/uploads\/gamescom6.gif\" alt=\"\" width=\"59\" height=\"33\" \/>Adventure-Treff&#8217;ler kennen ihn vermutlich schon. Wer ihn noch nicht kennt, findet hier den <a href=\"http:\/\/www.adventure-treff.de\/files\/podcast\/podcast_gc2015_2.mp3\">Podcast vom Donnerstag<\/a> mit allen Infos &#8211; weil es sich bekanntlich leichter spricht als schreibt. Nun ja, h\u00e4ufig.<\/p>\n<p>Und nat\u00fcrlich steht heute noch was viel tolleres an, n\u00e4mlich unsere gro\u00dfe <a href=\"http:\/\/www.adventure-treff.de\/artikel\/features\/adventuretreffen15.php\">Adventure-Treff-Party<\/a>! Sei dabei, oder sei ein faules Ei!<\/p>\n","protected":false},"excerpt":{"rendered":"<p>Adventure-Treff&#8217;ler kennen ihn vermutlich schon. Wer ihn noch nicht kennt, findet hier den Podcast vom Donnerstag mit allen Infos &#8211;&hellip;<\/p>\n","protected":false},"author":1,"featured_media":0,"comment_status":"open","ping_status":"open","sticky":false,"template":"","format":"standard","meta":{"footnotes":"","_links_to":"","_links_to_target":""},"categories":[9],"tags":[],"class_list":["post-31493","post","type-post","status-publish","format-standard","hentry","category-games"],"_links":{"self":[{"href":"https:\/\/www.gruen-wald.de\/wordpress\/wp-json\/wp\/v2\/posts\/31493"}],"collection":[{"href":"https:\/\/www.gruen-wald.de\/wordpress\/wp-json\/wp\/v2\/posts"}],"about":[{"href":"https:\/\/www.gruen-wald.de\/wordpress\/wp-json\/wp\/v2\/types\/post"}],"author":[{"embeddable":true,"href":"https:\/\/www.gruen-wald.de\/wordpress\/wp-json\/wp\/v2\/users\/1"}],"replies":[{"embeddable":true,"href":"https:\/\/www.gruen-wald.de\/wordpress\/wp-json\/wp\/v2\/comments?post=31493"}],"version-history":[{"count":0,"href":"https:\/\/www.gruen-wald.de\/wordpress\/wp-json\/wp\/v2\/posts\/31493\/revisions"}],"wp:attachment":[{"href":"https:\/\/www.gruen-wald.de\/wordpress\/wp-json\/wp\/v2\/media?parent=31493"}],"wp:term":[{"taxonomy":"category","embeddable":true,"href":"https:\/\/www.gruen-wald.de\/wordpress\/wp-json\/wp\/v2\/categories?post=31493"},{"taxonomy":"post_tag","embeddable":true,"href":"https:\/\/www.gruen-wald.de\/wordpress\/wp-json\/wp\/v2\/tags?post=31493"}],"curies":[{"name":"wp","href":"https:\/\/api.w.org\/{rel}","templated":true}]}}