{"id":30741,"date":"2015-03-29T00:05:48","date_gmt":"2015-03-28T23:05:48","guid":{"rendered":"http:\/\/blog.coaster.de\/wp\/?p=30741"},"modified":"2015-03-29T00:05:48","modified_gmt":"2015-03-28T23:05:48","slug":"der-erste-brauchbare-germanwings-bericht","status":"publish","type":"post","link":"https:\/\/www.gruen-wald.de\/wordpress\/bildung\/der-erste-brauchbare-germanwings-bericht\/","title":{"rendered":"Der erste brauchbare #germanwings Bericht&#8230;"},"content":{"rendered":"<p>&#8230; in der Presse <a href=\"http:\/\/bazonline.ch\/panorama\/vermischtes\/Die-seltsam-schnelle-Festlegung-auf-eine-Wahrheit\/story\/27189482\">kommt aus der Schweiz<\/a>.<\/p>\n<p>Zumindest meiner Meinung nach.<\/p>\n<p style=\"text-align: center;\"><img loading=\"lazy\" decoding=\"async\" class=\"aligncenter\" title=\"Germanwings\" src=\"http:\/\/blog.coaster.de\/wp\/wp-content\/uploads\/2015\/03\/640px-Germanwings_Airbus_A319-132.jpg\" alt=\"\" width=\"512\" height=\"346\" \/><\/p>\n<p>Gibt&#8217;s eigentlich noch Leute die den Quatsch glauben, der von namhaften Magazinen repliziert wird? Es ist nat\u00fcrlich m\u00f6glich, dass sich die Sache so abgespielt hat wie jetzt kommuniziert wird. Aber zweifelsfrei festgestellt kann in meinen Augen da nichts sein.<\/p>\n<p>Und trotzdem titulieren Medienmagazine, dass man den Namen des Co-Piloten nennen m\u00fcsste, <a href=\"http:\/\/meedia.de\/2015\/03\/27\/wer-den-namen-andreas-lubitz-nicht-nennen-will-sollte-ueberlegen-seinen-presseausweis-zurueckzugeben\/\">weil man sonst der Presse nicht w\u00fcrdig sei<\/a>.<\/p>\n<p>Ich sage: Wer als Reporter nicht in der Lage ist, entscheidende Fragen zu stellen und Zweifel auszur\u00e4umen, bevor man berichtet, ist der Presse nicht w\u00fcrdig.<\/p>\n<p>Wie konnte die Identit\u00e4t der Beteiligten, besonders des Co-Piloten und des klopfenden Kapit\u00e4ns zweifelsfrei festgelegt werden? Wer ist der Experte daf\u00fcr?<br \/>\nWelche Quelle aus dem Milit\u00e4rbereich hatte best\u00e4tigt, dass sich nur ein Pilot in der Kabine befand? Wie kann ein T\u00fcrger\u00e4usch zweifelsfrei feststellen, dass ein Toilettengang statt fand?<br \/>\nWieso sprach niemand \u00fcbers Interphone, das ja scheinbar auch au\u00dferhalb des Cockpits erreichbar ist?<br \/>\nWieso erh\u00e4lt die Staatsanwaltschaft die Tonaufzeichnungen so sp\u00e4t?<br \/>\nWieso sagen die Chefermittler, dass man &#8222;Wochen oder Monate&#8220; warten m\u00fcsse, bis Klarheit herrscht, und pflanzt dann doch einen Fakt in die Presse?<br \/>\nWer sprach davon, dass der Co-Pilot wegen Depressionen in der Uniklinik D\u00fcsseldorf war, w\u00e4hrend die Klinik selbst <a href=\"http:\/\/www.uniklinik-duesseldorf.de\/presse\/detailansicht\/article\/co-pilot-der-germanwings-maschine-war-zu-untersuchungen-im-universitaetsklinikum-duesseldorf\/?tx_ttnews%5BbackPid%5D=6004&amp;cHash=28d1d09434d01bc04a0466586110df88\">das dementiert<\/a>?<br \/>\nWie erkl\u00e4ren Experten, dass der Flugschreiber <a href=\"http:\/\/www.nytimes.com\/2015\/03\/26\/world\/europe\/germanwings-airbus-crash.html?_r=2\">keine Memory-Card installiert hatte<\/a>, als man ihn fand? Wie wahrscheinlich ist es, dass diese aus der immerhin panzergesch\u00fctzten Ummantelung hops geht?<br \/>\nWer hat entschieden, dass die Staatsanwaltschaft und nicht wie sonst \u00fcblich die unabh\u00e4ngige Ermittlerkommission die Aufkl\u00e4rung des Vorfalls regelt?<br \/>\nWieso h\u00f6rt man das Klingeln des Emergency Codes nicht, wenn die Geschichte stimmt, so wie sie kolportiert wurde?<\/p>\n<p>Verschw\u00f6rungstheorien? Ich finde nein &#8211; das sind einfach nur Fragen, die zu jeder journalistischen Arbeit dazu geh\u00f6ren. Manche davon m\u00f6gen dumm sein, aber gestellt werden m\u00fcssen sie, geglaubt werden darf nichts. Trotzdem tun die Massenmedien das. Fr\u00fcher hat man bei Vermutungen und Ger\u00fcchten immerhin noch von &#8222;mutma\u00dflich&#8220; gesprochen. Das ist heute v\u00f6llig verschwunden.<\/p>\n<p>Antworten m\u00fcssen her. Egal ob bei Anschl\u00e4gen in New York und Norwegen, ob bei Amokl\u00e4ufern auf der ganzen Welt, oder bei einem mysteri\u00f6sen Flugzeugabsturz. Sofort steht fest, es war Mohammed A., Andres B., Tim K., Robert S. oder eben Andreas L. Sofort wandern Foto, vollst\u00e4ndige Familiennamen und Wohnort in die Presse &#8211; h\u00e4ufig noch am gleichen Tag &#8211; unter Mithilfe der Beh\u00f6rden, die das h\u00e4ufig sogar noch forcieren. Eine Geschichte muss her, soviel steht fest. Gleich, sofort. Damit sie ja sp\u00e4ter nicht mehr in Frage gestellt werden kann. Dabei nimmt es der Journalist heute mit dem Auftrag, die vierte Macht zu sein, hin und wieder nicht so ernst &#8211; und repliziert schon auch mal sch\u00f6n alle sinnigen und unsinnigen Meldungen, die man halt so h\u00f6rt. Ich glaube, manchen Journalisten ist nicht mal bewusst, dass wir durch die Verbreitung solcher L\u00fcgen schon in Kriege gezogen sind &#8211; und wenn&#8217;s nach mir ginge, dann geh\u00f6rt diesen Journalisten <a href=\"http:\/\/meedia.de\/2015\/03\/27\/wer-den-namen-andreas-lubitz-nicht-nennen-will-sollte-ueberlegen-seinen-presseausweis-zurueckzugeben\/\">der Presseausweis entzogen<\/a>.<\/p>\n<p>Am Ende bleibt es vielleicht allein am Konsumenten h\u00e4ngen: Wenn schlechter Journalismus endlich keine Quote mehr machen w\u00fcrde, k\u00e4men wir der Wahrheit wom\u00f6glich einen Schritt n\u00e4her. Aber das erreichen wir nur durch gute Bildung und der gesunden Portion kritischen Denkens. Leider sieht es f\u00fcr mich nicht danach aus, dass unsere Erziehungsmethoden da langfristig in diese Richtung gehen werden&#8230;<\/p>\n<p style=\"text-align: right;\"><em>Foto: Aldo Bidini (<a href=\"http:\/\/upload.wikimedia.org\/wikipedia\/commons\/thumb\/3\/36\/Germanwings_Airbus_A319-132.jpg\/640px-Germanwings_Airbus_A319-132.jpg\">GNU<\/a>)<\/em><\/p>\n","protected":false},"excerpt":{"rendered":"<p>&#8230; in der Presse kommt aus der Schweiz. Zumindest meiner Meinung nach. Gibt&#8217;s eigentlich noch Leute die den Quatsch glauben,&hellip;<\/p>\n","protected":false},"author":1,"featured_media":0,"comment_status":"open","ping_status":"open","sticky":false,"template":"","format":"standard","meta":{"footnotes":"","_links_to":"","_links_to_target":""},"categories":[3,12],"tags":[],"class_list":["post-30741","post","type-post","status-publish","format-standard","hentry","category-bildung","category-medien"],"_links":{"self":[{"href":"https:\/\/www.gruen-wald.de\/wordpress\/wp-json\/wp\/v2\/posts\/30741","targetHints":{"allow":["GET"]}}],"collection":[{"href":"https:\/\/www.gruen-wald.de\/wordpress\/wp-json\/wp\/v2\/posts"}],"about":[{"href":"https:\/\/www.gruen-wald.de\/wordpress\/wp-json\/wp\/v2\/types\/post"}],"author":[{"embeddable":true,"href":"https:\/\/www.gruen-wald.de\/wordpress\/wp-json\/wp\/v2\/users\/1"}],"replies":[{"embeddable":true,"href":"https:\/\/www.gruen-wald.de\/wordpress\/wp-json\/wp\/v2\/comments?post=30741"}],"version-history":[{"count":0,"href":"https:\/\/www.gruen-wald.de\/wordpress\/wp-json\/wp\/v2\/posts\/30741\/revisions"}],"wp:attachment":[{"href":"https:\/\/www.gruen-wald.de\/wordpress\/wp-json\/wp\/v2\/media?parent=30741"}],"wp:term":[{"taxonomy":"category","embeddable":true,"href":"https:\/\/www.gruen-wald.de\/wordpress\/wp-json\/wp\/v2\/categories?post=30741"},{"taxonomy":"post_tag","embeddable":true,"href":"https:\/\/www.gruen-wald.de\/wordpress\/wp-json\/wp\/v2\/tags?post=30741"}],"curies":[{"name":"wp","href":"https:\/\/api.w.org\/{rel}","templated":true}]}}