{"id":30719,"date":"2015-03-24T23:33:16","date_gmt":"2015-03-24T22:33:16","guid":{"rendered":"http:\/\/blog.coaster.de\/wp\/?p=30719"},"modified":"2015-03-24T23:33:16","modified_gmt":"2015-03-24T22:33:16","slug":"grose-dongles-nackte-hemden-und-ein-tritt-in-den-rucken","status":"publish","type":"post","link":"https:\/\/www.gruen-wald.de\/wordpress\/gesellschaft\/grose-dongles-nackte-hemden-und-ein-tritt-in-den-rucken\/","title":{"rendered":"Gro\u00dfe Dongles, Nackte Hemden und ein Tritt in den R\u00fccken"},"content":{"rendered":"<p>Notiz am Rande: Journalist und Krautreporter Tilo Jung h\u00f6rt auf.<\/p>\n<p>Das ist eine weitere dieser Shitstorm-Episoden, bei welcher wegen eines simplen Mi\u00dfverst\u00e4ndnisses die entsprechenden Personen auf Grund von m\u00f6glicherweise sexistischen Anspielungen ihren bisherigen Job verlieren:<\/p>\n<p>Tilo Jung hatte ein Foto von <a href=\"https:\/\/twitter.com\/BuzzFeedUK\/status\/527157984170758144\">Buzzfeed<\/a>\u00a0UK geretweeted (eine Parodie auf die Murados Mann-Fotostrecke) &#8211; zum Frauentag (<a href=\"https:\/\/www.facebook.com\/tilo.jung\/posts\/10153990134444572\">Erkl\u00e4rung<\/a>). Daraufhin hat sich\u00a0Juliane Leopold von Buzzfeed Germany \u00fcber Jung\u00a0<a href=\"https:\/\/twitter.com\/schwoerbel\/status\/574873861109452800\">beschwert<\/a>, weil er frauenfeindlich sei. Auf die Frage, warum man sich jetzt bei Jung beschwere und nicht bei Buzzfeed UK, kam die Antwort, dass man ja f\u00fcr Buzzfeed UK keine <a href=\"https:\/\/twitter.com\/julianeleopold\/status\/575350393611370496\">Verantwortung trage<\/a>. Au\u00dferdem sei es einfach daneben, sowas am <a href=\"https:\/\/twitter.com\/julianeleopold\/status\/575350504101974016\">8. M\u00e4rz zu verbreiten<\/a>. Auf meine Frage, ob es nicht auch daneben sei, die Konkurrenz zu diskreditieren, w\u00e4hrend man die eigenen Kollegen gew\u00e4hren l\u00e4sst, <a href=\"https:\/\/twitter.com\/bastigruenwald\/status\/575457169203552256\">blieb unbeantwortet<\/a>.<\/p>\n<p>Konsequenz: <a href=\"https:\/\/www.youtube.com\/v\/rJZzXB4nOGU\">Tilo Jung h\u00f6rt mit dem Journalismus auf und geht<\/a>.<\/p>\n<p>Schade. Ich hab sein Konzept gerne verfolgt und er hat definitiv einige wichtige Aussagen von Politikern produzieren k\u00f6nnen.<\/p>\n<p>Der Fall erinnert mich an das <a href=\"http:\/\/www.theguardian.com\/science\/2014\/nov\/14\/rosetta-comet-dr-matt-taylor-apology-sexist-shirt\">Rosetta-Hemd<\/a> oder die Situation von <a href=\"http:\/\/www.esquire.co.uk\/culture\/books\/7933\/exclusive-extract-from-jon-ronson-book-so-youve-been-publicly-shamed\/\">Adria und Hank<\/a>.<\/p>\n<p>Kann mir eine der Frauenrechtlerinnen das irgendwie mal erkl\u00e4ren: Ich verstehe, dass man sich f\u00fcr Frauenrechte und Gender-Gerechtigkeit einsetzt. Ich mache das sogar hin und wieder beruflich. Aber ich verstehe nicht, warum man es dabei auf die Existenz der Personen ankommen l\u00e4sst, gegen die man vorgehen will &#8211; und sich dabei auch noch gut f\u00fchlen kann. Allein die Verh\u00e4ltnism\u00e4\u00dfigkeit in den drei genannten F\u00e4llen stimmt schon nicht.<\/p>\n<p>Meine einzige Erkl\u00e4rung bislang daf\u00fcr ist die: Hass.<\/p>\n<p>Und tut mir leid: Wenn ich die Wahl zwischen dem Kampf gegen gesellschafts-durchsetzten Sexismus und den Kampf gegen existenz-zerst\u00f6rerischen Hass habe, dann bin ich ganz eindeutig erst mal gegen die Erzeugung von Hass. Die Art, wie hier versucht wird Debatten zu f\u00fchren, ist weder fair, noch demokratisch noch zielf\u00fchrend. Ich glaube an Probleml\u00f6sung im Dialog. Der findet nicht statt: Alle diese drei Personen (Tilo, Matt, Hank) haben sich entschuldigt (ich wei\u00df nicht mal genau, f\u00fcr was, aber die Beschwerdef\u00fchrer werden schon wissen, was sie falsch gemacht haben). Nicht mal diese Entschuldigung wurde akzeptiert.<\/p>\n<p>Das ist keine Debatte. Es ist nicht mal Widerstand. Von friedvollen Widerstand ganz zu schweigen. Es ist ein Kampf ohne auch nur die Chance auf Begnadigung. Es wird auf Leute eingedroschen, wo sie l\u00e4ngst am Boden sind.<\/p>\n<p>Daran glaube ich nicht. So k\u00e4mpfe ich nicht mit.<\/p>\n","protected":false},"excerpt":{"rendered":"<p>Notiz am Rande: Journalist und Krautreporter Tilo Jung h\u00f6rt auf. Das ist eine weitere dieser Shitstorm-Episoden, bei welcher wegen eines&hellip;<\/p>\n","protected":false},"author":1,"featured_media":0,"comment_status":"open","ping_status":"open","sticky":false,"template":"","format":"standard","meta":{"footnotes":"","_links_to":"","_links_to_target":""},"categories":[10],"tags":[],"class_list":["post-30719","post","type-post","status-publish","format-standard","hentry","category-gesellschaft"],"_links":{"self":[{"href":"https:\/\/www.gruen-wald.de\/wordpress\/wp-json\/wp\/v2\/posts\/30719","targetHints":{"allow":["GET"]}}],"collection":[{"href":"https:\/\/www.gruen-wald.de\/wordpress\/wp-json\/wp\/v2\/posts"}],"about":[{"href":"https:\/\/www.gruen-wald.de\/wordpress\/wp-json\/wp\/v2\/types\/post"}],"author":[{"embeddable":true,"href":"https:\/\/www.gruen-wald.de\/wordpress\/wp-json\/wp\/v2\/users\/1"}],"replies":[{"embeddable":true,"href":"https:\/\/www.gruen-wald.de\/wordpress\/wp-json\/wp\/v2\/comments?post=30719"}],"version-history":[{"count":0,"href":"https:\/\/www.gruen-wald.de\/wordpress\/wp-json\/wp\/v2\/posts\/30719\/revisions"}],"wp:attachment":[{"href":"https:\/\/www.gruen-wald.de\/wordpress\/wp-json\/wp\/v2\/media?parent=30719"}],"wp:term":[{"taxonomy":"category","embeddable":true,"href":"https:\/\/www.gruen-wald.de\/wordpress\/wp-json\/wp\/v2\/categories?post=30719"},{"taxonomy":"post_tag","embeddable":true,"href":"https:\/\/www.gruen-wald.de\/wordpress\/wp-json\/wp\/v2\/tags?post=30719"}],"curies":[{"name":"wp","href":"https:\/\/api.w.org\/{rel}","templated":true}]}}