{"id":30620,"date":"2015-03-03T00:20:52","date_gmt":"2015-03-02T23:20:52","guid":{"rendered":"http:\/\/blog.coaster.de\/wp\/?p=30620"},"modified":"2015-03-03T00:20:52","modified_gmt":"2015-03-02T23:20:52","slug":"ruckkehr-der-surf-dose","status":"publish","type":"post","link":"https:\/\/www.gruen-wald.de\/wordpress\/notiz\/ruckkehr-der-surf-dose\/","title":{"rendered":"R\u00fcckkehr der Surf-Dose"},"content":{"rendered":"<p>Ganz kurz dachte ich, Norma h\u00e4tte \u00fcber die eigene Hausmarke &#8222;surf&#8220; angefangen, die italienischen &#8222;Limonatas&#8220; und &#8222;Oranciatas&#8220; einzuf\u00fchren. Falsch gedacht: Die Getr\u00e4nke schmecken (fast) einfach nur wie die normalen Zitronen- und Orangenlimos. Trotzdem interessant, dass man sich seit Jahren wieder an Dosen aus dem Billigsegment traut. Diese waren ja nach dem Dosenpfand in Deutschland restlos verschwunden. Irgendwie hab ich ein wenig Retrogef\u00fchle.<\/p>\n<p><a href=\"http:\/\/blog.coaster.de\/wp\/wp-content\/uploads\/2015\/03\/dosen.jpg\"><img loading=\"lazy\" decoding=\"async\" class=\"aligncenter size-full wp-image-30621\" title=\"hdr\" src=\"http:\/\/blog.coaster.de\/wp\/wp-content\/uploads\/2015\/03\/dosen.jpg\" alt=\"\" width=\"560\" height=\"474\" srcset=\"https:\/\/www.gruen-wald.de\/wordpress\/wp-content\/uploads\/2015\/03\/dosen.jpg 560w, https:\/\/www.gruen-wald.de\/wordpress\/wp-content\/uploads\/2015\/03\/dosen-300x254.jpg 300w\" sizes=\"auto, (max-width: 560px) 100vw, 560px\" \/><\/a><\/p>\n","protected":false},"excerpt":{"rendered":"<p>Ganz kurz dachte ich, Norma h\u00e4tte \u00fcber die eigene Hausmarke &#8222;surf&#8220; angefangen, die italienischen &#8222;Limonatas&#8220; und &#8222;Oranciatas&#8220; einzuf\u00fchren. Falsch gedacht:&hellip;<\/p>\n","protected":false},"author":1,"featured_media":0,"comment_status":"open","ping_status":"open","sticky":false,"template":"","format":"standard","meta":{"footnotes":"","_links_to":"","_links_to_target":""},"categories":[13],"tags":[],"class_list":["post-30620","post","type-post","status-publish","format-standard","hentry","category-notiz"],"_links":{"self":[{"href":"https:\/\/www.gruen-wald.de\/wordpress\/wp-json\/wp\/v2\/posts\/30620","targetHints":{"allow":["GET"]}}],"collection":[{"href":"https:\/\/www.gruen-wald.de\/wordpress\/wp-json\/wp\/v2\/posts"}],"about":[{"href":"https:\/\/www.gruen-wald.de\/wordpress\/wp-json\/wp\/v2\/types\/post"}],"author":[{"embeddable":true,"href":"https:\/\/www.gruen-wald.de\/wordpress\/wp-json\/wp\/v2\/users\/1"}],"replies":[{"embeddable":true,"href":"https:\/\/www.gruen-wald.de\/wordpress\/wp-json\/wp\/v2\/comments?post=30620"}],"version-history":[{"count":0,"href":"https:\/\/www.gruen-wald.de\/wordpress\/wp-json\/wp\/v2\/posts\/30620\/revisions"}],"wp:attachment":[{"href":"https:\/\/www.gruen-wald.de\/wordpress\/wp-json\/wp\/v2\/media?parent=30620"}],"wp:term":[{"taxonomy":"category","embeddable":true,"href":"https:\/\/www.gruen-wald.de\/wordpress\/wp-json\/wp\/v2\/categories?post=30620"},{"taxonomy":"post_tag","embeddable":true,"href":"https:\/\/www.gruen-wald.de\/wordpress\/wp-json\/wp\/v2\/tags?post=30620"}],"curies":[{"name":"wp","href":"https:\/\/api.w.org\/{rel}","templated":true}]}}