{"id":30613,"date":"2015-02-28T22:00:09","date_gmt":"2015-02-28T21:00:09","guid":{"rendered":"http:\/\/blog.coaster.de\/wp\/?p=30613"},"modified":"2015-02-28T22:00:09","modified_gmt":"2015-02-28T21:00:09","slug":"yanis-whatthefuckis-macht-ohne-kontrolle","status":"publish","type":"post","link":"https:\/\/www.gruen-wald.de\/wordpress\/gesellschaft\/yanis-whatthefuckis-macht-ohne-kontrolle\/","title":{"rendered":"Yanis Whatthefuckis: Macht ohne Kontrolle"},"content":{"rendered":"<p><img loading=\"lazy\" decoding=\"async\" class=\"alignright\" title=\"Symbolbild\" src=\"http:\/\/blog.coaster.de\/wp\/wp-content\/uploads\/320px-Money_Cash.jpg\" alt=\"\" width=\"320\" height=\"213\" \/>W\u00e4hrend des deutschen Rettungspakets an das bankrotte Griechenland tauchten viele Posts an meiner Facebook-Wall auf, bei dem deutsche Staatsb\u00fcrger ihr Unverst\u00e4ndnis gegen\u00fcber den Griechen \u00e4u\u00dferten, die sich vehement gegen diese Rettung wehrten. Die griechische Presse sah die Intervention der Troika als ein Ausbluten von Griechenland. &#8218;Ich versteh&#8217;s nicht. Wir geben denen Milliarden vom deutschen Steuergeld und die hassen uns. Was soll das?&#8216; war der Tenor.<\/p>\n<p>Tats\u00e4chlich wurde die Rettung mehr als fadenscheinig verkauft, denn die Milliarden flossen prim\u00e4r nicht nach Griechenland sondern an deutsche und franz\u00f6sische Banken, welche im Mittelmeerstaat angelegt hatten. Gleichzeitig wurde in Griechenland aber massiv eingespart, so dass die Wirtschaft zum erliegen und es zu einem Ausverkauf kam.<\/p>\n<p>Harald Schumann hat nun vor einiger Zeit eine Dokumentation zu dem Thema ver\u00f6ffentlicht, welche die Hintergr\u00fcnde sehr gut erkl\u00e4rt. Ich mag die Arbeit von Schumann schon l\u00e4nger. 2010 hat er sich in bei der Auszeichnung mit dem Preis &#8222;Der lange Atem&#8220; <a href=\"http:\/\/uploads.gruen-wald.de\/haraldschumann.mp3\">in mein Herz geredet<\/a>, weil er endlich das Thema &#8222;Innere Zensur&#8220; in den deutschen Medien ansprach. Ich teile die Ansicht, wir h\u00e4tten eine freie, unabh\u00e4ngige Presse, ja schon seit einiger Zeit nicht mehr &#8211; der Westen ist einfach viel subtiler in der Repression, die unausgesprochen auf Journalisten ausge\u00fcbt wird. Schumann konnte sich allerdings damals allerdings davon (n\u00e4mlich vom &#8222;Spiegel&#8220;) befreien.<\/p>\n<p>2013 ver\u00f6ffentlichte er gemeinsam mit\u00a0Arpad Bondy die pr\u00e4mierte Dokumentation &#8222;<em>Staatsgeheimnis Bankenrettung&#8220; <\/em>zum Thema der Eurokrise. Seit kurzem ist das gleiche Team zur\u00fcck mit einer \u00e4hnlichen Abhandlung zur Troika. Darin untersucht er die Rettungspakete f\u00fcr Griechenland, Zypern oder Portugal und spricht -was heute leider nur noch selten ist- mit beiden Seiten: Troika-Akteuren aus Br\u00fcssel und Betroffene vor Ort.<\/p>\n<p style=\"text-align: center;\"><a href=\"http:\/\/www.arte.tv\/guide\/de\/051622-000\/macht-ohne-kontrolle-die-troika\">Guckempfehlung<\/a>!<\/p>\n<p>Besonders gut gef\u00e4llt mir der Fokus, dass die unklare Kommunikation, was tats\u00e4chlich w\u00e4hrend dieser Zeit abgelaufen ist, dazu gef\u00fchrt hat, dass zwei europ\u00e4ische Nationen gegeneinander aufgebracht wurden. Dieser Schaden ist vielleicht sogar nochmal deutlich gr\u00f6\u00dfer zu bewerten, als der reine finanzielle Verlust. Dazu gibt es auch noch ein gutes <a href=\"https:\/\/www.youtube.com\/v\/26MxfU2wBXM\">Nachgespr\u00e4ch bei Jung &amp; Naiv<\/a>.<\/p>\n","protected":false},"excerpt":{"rendered":"<p>W\u00e4hrend des deutschen Rettungspakets an das bankrotte Griechenland tauchten viele Posts an meiner Facebook-Wall auf, bei dem deutsche Staatsb\u00fcrger ihr&hellip;<\/p>\n","protected":false},"author":1,"featured_media":0,"comment_status":"open","ping_status":"open","sticky":false,"template":"","format":"standard","meta":{"footnotes":"","_links_to":"","_links_to_target":""},"categories":[10,12],"tags":[],"class_list":["post-30613","post","type-post","status-publish","format-standard","hentry","category-gesellschaft","category-medien"],"_links":{"self":[{"href":"https:\/\/www.gruen-wald.de\/wordpress\/wp-json\/wp\/v2\/posts\/30613"}],"collection":[{"href":"https:\/\/www.gruen-wald.de\/wordpress\/wp-json\/wp\/v2\/posts"}],"about":[{"href":"https:\/\/www.gruen-wald.de\/wordpress\/wp-json\/wp\/v2\/types\/post"}],"author":[{"embeddable":true,"href":"https:\/\/www.gruen-wald.de\/wordpress\/wp-json\/wp\/v2\/users\/1"}],"replies":[{"embeddable":true,"href":"https:\/\/www.gruen-wald.de\/wordpress\/wp-json\/wp\/v2\/comments?post=30613"}],"version-history":[{"count":0,"href":"https:\/\/www.gruen-wald.de\/wordpress\/wp-json\/wp\/v2\/posts\/30613\/revisions"}],"wp:attachment":[{"href":"https:\/\/www.gruen-wald.de\/wordpress\/wp-json\/wp\/v2\/media?parent=30613"}],"wp:term":[{"taxonomy":"category","embeddable":true,"href":"https:\/\/www.gruen-wald.de\/wordpress\/wp-json\/wp\/v2\/categories?post=30613"},{"taxonomy":"post_tag","embeddable":true,"href":"https:\/\/www.gruen-wald.de\/wordpress\/wp-json\/wp\/v2\/tags?post=30613"}],"curies":[{"name":"wp","href":"https:\/\/api.w.org\/{rel}","templated":true}]}}