{"id":3060,"date":"2010-04-27T00:30:27","date_gmt":"2010-04-26T22:30:27","guid":{"rendered":"http:\/\/www.coaster.de\/wp\/?p=3060"},"modified":"2010-04-27T00:30:27","modified_gmt":"2010-04-26T22:30:27","slug":"wikileaks-republica","status":"publish","type":"post","link":"https:\/\/www.gruen-wald.de\/wordpress\/internet-co\/wikileaks-republica\/","title":{"rendered":"wikileaks @ re:publica"},"content":{"rendered":"<p>Ich find&#8217;s ja langsam schon etwas merkw\u00fcrdig, wie wikileaks \u00fcberall Standing Ovations erh\u00e4lt. Ein bischen mehr objektive und fachliche Distanz w\u00e4re w\u00fcnschenswert. Nichtsdesto trotz, und auch wenn der Vortrag nicht allzuviel Neues verr\u00e4t, hier das gut zu lauschende Referat auf der re:publica von &#8222;Daniel Schmitt&#8220; [Pseudoynm] zur Generation Whistleblower:<\/p>\n<p><a href=\"http:\/\/www.youtube.com\/v\/LGKuQzNxEJI\"><img loading=\"lazy\" decoding=\"async\" class=\"aligncenter size-full wp-image-3062\" title=\"wikileaksrepublica\" src=\"http:\/\/www.coaster.de\/wp\/wp-content\/uploads\/wikileaksrepublica.jpg\" alt=\"\" width=\"473\" height=\"379\" \/><\/a><\/p>\n","protected":false},"excerpt":{"rendered":"<p>Ich find&#8217;s ja langsam schon etwas merkw\u00fcrdig, wie wikileaks \u00fcberall Standing Ovations erh\u00e4lt. Ein bischen mehr objektive und fachliche Distanz&hellip;<\/p>\n","protected":false},"author":1,"featured_media":0,"comment_status":"open","ping_status":"open","sticky":false,"template":"","format":"standard","meta":{"footnotes":"","_links_to":"","_links_to_target":""},"categories":[11],"tags":[1087,5461,5477],"class_list":["post-3060","post","type-post","status-publish","format-standard","hentry","category-internet-co","tag-daniel-schmitt","tag-whistleblower","tag-wikileaks"],"_links":{"self":[{"href":"https:\/\/www.gruen-wald.de\/wordpress\/wp-json\/wp\/v2\/posts\/3060"}],"collection":[{"href":"https:\/\/www.gruen-wald.de\/wordpress\/wp-json\/wp\/v2\/posts"}],"about":[{"href":"https:\/\/www.gruen-wald.de\/wordpress\/wp-json\/wp\/v2\/types\/post"}],"author":[{"embeddable":true,"href":"https:\/\/www.gruen-wald.de\/wordpress\/wp-json\/wp\/v2\/users\/1"}],"replies":[{"embeddable":true,"href":"https:\/\/www.gruen-wald.de\/wordpress\/wp-json\/wp\/v2\/comments?post=3060"}],"version-history":[{"count":0,"href":"https:\/\/www.gruen-wald.de\/wordpress\/wp-json\/wp\/v2\/posts\/3060\/revisions"}],"wp:attachment":[{"href":"https:\/\/www.gruen-wald.de\/wordpress\/wp-json\/wp\/v2\/media?parent=3060"}],"wp:term":[{"taxonomy":"category","embeddable":true,"href":"https:\/\/www.gruen-wald.de\/wordpress\/wp-json\/wp\/v2\/categories?post=3060"},{"taxonomy":"post_tag","embeddable":true,"href":"https:\/\/www.gruen-wald.de\/wordpress\/wp-json\/wp\/v2\/tags?post=3060"}],"curies":[{"name":"wp","href":"https:\/\/api.w.org\/{rel}","templated":true}]}}