{"id":30066,"date":"2014-11-21T14:03:20","date_gmt":"2014-11-21T13:03:20","guid":{"rendered":"http:\/\/blog.coaster.de\/wp\/?p=30066"},"modified":"2014-11-21T14:03:20","modified_gmt":"2014-11-21T13:03:20","slug":"burger-konigskrieg-in-der-nachsten-runde","status":"publish","type":"post","link":"https:\/\/www.gruen-wald.de\/wordpress\/gesellschaft\/burger-konigskrieg-in-der-nachsten-runde\/","title":{"rendered":"Burger K\u00f6nigskrieg in der n\u00e4chsten Runde"},"content":{"rendered":"<p>Neues aus der Burger-King-Welt: Beim Landgericht M\u00fcnchen gingen gleich zwei einstweilige Verf\u00fcgungen ein. Zum einen die von Yi-Ko. Die Holding klagt laut Focus gegen den Lieferstopp der Mutter. Diese will die Yi-Ko Filialen ab heute nicht mehr beliefern, \u00a0um Druck zu machen, dass die Filialen schlie\u00dfen\u00a0(siehe Nachricht <a href=\"http:\/\/blog.coaster.de\/wp\/?p=30055\">hier<\/a>). Die Verf\u00fcgung war ja schon erwartet worden.<\/p>\n<p>Erstaunlicherweise gibt es aber auch eine einstweilige Verf\u00fcgung von Burger King selbst. In dieser klagt die Mutter, dass die Yi-Ko weiterhin die Burger-King-Logos verwendet und die Filialen entsprechend umgehend geschlossen bzw. die Verweise auf Burger King entfernt werden m\u00fcssen. Man sieht: Im gro\u00dfen und ganzen schlie\u00dft das eine das andere aus. Das Landgericht muss also entscheiden, ob Yi-Ko erst mal weitermachen darf, bis ein ordentliches Gerichtsurteil \u00fcber die Rechtm\u00e4\u00dfigkeit der K\u00fcndigung gef\u00e4llt wurde &#8211; oder ob Yi-Ko ihrerseits die Filialen schlie\u00dfen muss, bis selbiges entschieden wurde. Das Urteil wird vermutlich noch heute gef\u00e4llt. Ich bin gespannt.<\/p>\n<p><a class=\"thickbox\" title=\"Y4110042.JPG\" href=\"http:\/\/lh4.ggpht.com\/-zFv5HpufSQs\/S0DwrIyX1MI\/AAAAAAAACVo\/kaZGw5iEtBU\/w1024\/Y4110042.JPG\"><img decoding=\"async\" class=\"aligncenter\" title=\"Y4110042.JPG\" src=\"http:\/\/blog.coaster.de\/wp\/wp-content\/uploads\/2014\/11\/Y4110042.jpg\" alt=\"Y4110042.JPG\" width=\"560\" \/><\/a><\/p>\n<p style=\"text-align: center;\"><em>(Foto: Besser Leberk\u00e4s-Semmeln essen als Burger! Symbolbild, eigener Fundus)<\/em><\/p>\n","protected":false},"excerpt":{"rendered":"<p>Neues aus der Burger-King-Welt: Beim Landgericht M\u00fcnchen gingen gleich zwei einstweilige Verf\u00fcgungen ein. Zum einen die von Yi-Ko. Die Holding&hellip;<\/p>\n","protected":false},"author":1,"featured_media":0,"comment_status":"open","ping_status":"open","sticky":false,"template":"","format":"standard","meta":{"footnotes":"","_links_to":"","_links_to_target":""},"categories":[10],"tags":[],"class_list":["post-30066","post","type-post","status-publish","format-standard","hentry","category-gesellschaft"],"_links":{"self":[{"href":"https:\/\/www.gruen-wald.de\/wordpress\/wp-json\/wp\/v2\/posts\/30066"}],"collection":[{"href":"https:\/\/www.gruen-wald.de\/wordpress\/wp-json\/wp\/v2\/posts"}],"about":[{"href":"https:\/\/www.gruen-wald.de\/wordpress\/wp-json\/wp\/v2\/types\/post"}],"author":[{"embeddable":true,"href":"https:\/\/www.gruen-wald.de\/wordpress\/wp-json\/wp\/v2\/users\/1"}],"replies":[{"embeddable":true,"href":"https:\/\/www.gruen-wald.de\/wordpress\/wp-json\/wp\/v2\/comments?post=30066"}],"version-history":[{"count":0,"href":"https:\/\/www.gruen-wald.de\/wordpress\/wp-json\/wp\/v2\/posts\/30066\/revisions"}],"wp:attachment":[{"href":"https:\/\/www.gruen-wald.de\/wordpress\/wp-json\/wp\/v2\/media?parent=30066"}],"wp:term":[{"taxonomy":"category","embeddable":true,"href":"https:\/\/www.gruen-wald.de\/wordpress\/wp-json\/wp\/v2\/categories?post=30066"},{"taxonomy":"post_tag","embeddable":true,"href":"https:\/\/www.gruen-wald.de\/wordpress\/wp-json\/wp\/v2\/tags?post=30066"}],"curies":[{"name":"wp","href":"https:\/\/api.w.org\/{rel}","templated":true}]}}