{"id":30055,"date":"2014-11-20T00:01:07","date_gmt":"2014-11-19T23:01:07","guid":{"rendered":"http:\/\/blog.coaster.de\/wp\/?p=30055"},"modified":"2014-11-20T00:01:07","modified_gmt":"2014-11-19T23:01:07","slug":"der-konig-ist-tot","status":"publish","type":"post","link":"https:\/\/www.gruen-wald.de\/wordpress\/gesellschaft\/der-konig-ist-tot\/","title":{"rendered":"Der K\u00f6nig ist tot&#8230;"},"content":{"rendered":"<p>Bei Burger King brummts. Jetzt schlie\u00dft die Europa-F\u00fchrung 89 Filialen in Deutschland, alle von der YiKo-Holding. Ich kann best\u00e4tigen, dass sowohl ich als auch einige Freunde von mir ziemlich merkw\u00fcrdige Erlebnisse in den Filialen hatten, seitdem sie \u00fcbernommen wurden. Vor kurzem h\u00f6rte ich von Kakerlaken und Ratten im Restaurant. Die Krise ist schon etwas \u00e4lter, und wer sie nicht kennt, findet <a href=\"http:\/\/www.sueddeutsche.de\/wirtschaft\/burger-king-und-yi-ko-die-hack-ordnung-1.2228271\">hier eine ganz guten Zusammenfassung<\/a> in der S\u00fcddeutschen.<\/p>\n<p>Das Vorgehen finde ich einmalig. Eigentlich gingen die Vertr\u00e4ge mit Franchise-Nehmer YiKo \u00fcber mindestens 10 Jahre. Ihn zu k\u00fcndigen ist ziemlich schwer. Vorgehabt haben scheint es Burger King schon l\u00e4nger. Scheinbar hat man bei der Zentrale \u00fcber Monate Vorf\u00e4lle gesammelt, um vor Gericht nun belegen zu k\u00f6nnen, dass die K\u00fcndigung unabdingbar ist. Ich muss gestehen, dass -obwohl mir der Laden eigentlich nicht sympathisch ist- ich die Kommunikationsstrategie geradezu vorbildlich finde.<\/p>\n<p>Keine fein polierten Pressemitteilungen, der Chef (Alexander Bork) kommuniziert direkt und offen \u00fcber die sozialen Kan\u00e4le und versucht damit, die Krise als Transparenz-Kampagne f\u00fcr den Konzern zu nutzen. Ich finde, Bork macht das aus PR-Sicht wirklich gut. Hier die letzte Meldung zur K\u00fcndigung von YiKo:<center><\/p>\n<div id=\"fb-root\"><\/div>\n<p> <script>(function(d, s, id) { var js, fjs = d.getElementsByTagName(s)[0]; if (d.getElementById(id)) return; js = d.createElement(s); js.id = id; js.src = \"\/\/connect.facebook.net\/de_DE\/all.js#xfbml=1\"; fjs.parentNode.insertBefore(js, fjs); }(document, 'script', 'facebook-jssdk'));<\/script><\/p>\n<div class=\"fb-post\" data-href=\"https:\/\/www.facebook.com\/video.php?v=807756499247154\" data-width=\"466\">\n<div class=\"fb-xfbml-parse-ignore\"><\/div>\n<\/div>\n<p><\/center><\/p>\n<p>Aus moralischer Sicht ist nat\u00fcrlich streitbar, ob Burger King nicht schon viel fr\u00fcher reagieren h\u00e4tte m\u00fcssen. Auch stellt sich die Frage, wieviel dem Konzern bei Verkauf der Filialen an Yi-Ko schon an dessen Gesch\u00e4ftsgebahren bekannt war, zumal einer der Firmeninhaber schon Filialen f\u00fcr den Konzern betrieb. Au\u00dferdem waren f\u00fcr Montag <a href=\"http:\/\/web.de\/magazine\/wirtschaft\/burger-king-kuendigung-erneuten-rtl-recherchen-30222804\">neue Negativ-Schlagzeilen<\/a> angek\u00fcndigt worden. Einige stellen die Vermutung auf, Burger King wollte noch vor Wochenende reagieren, bevor der Schaden durch eine erneute Skandalwelle immense H\u00f6hen angenommen h\u00e4tte &#8211; m\u00f6glicherweise in der Hoffnung, dass die betroffenen Filialen bis dahin schon zwangsl\u00e4ufig dicht gemacht haben. Dem widerspricht jedoch Burger King im <a href=\"http:\/\/www.manager-magazin.de\/unternehmen\/handel\/franchisenehmer-yi-ko-will-burger-king-restaurants-weiter-betreiben-a-1003926.html\">Manager Magazin<\/a>. Die Entscheidung, Yi-Ko zu keksen, sei sicherlich nicht \u00fcber Nacht getroffen worden, hei\u00dft es da.<\/p>\n<p>Ich bin jedenfalls schrecklich gespannt, was nun mit den Filialen passiert. Ich erwarte mal, dass Burger King sich erst mal weigert, die L\u00e4den zu beliefern. Wenn sie das durchziehen, trotz einstweiliger Verf\u00fcgung (ist das wahrscheinlich?) dann k\u00f6nnte einem Gro\u00dfteil der Burger Kings in M\u00fcnchen das Material schon dieses Wochenende ausgehen. Liefert Burger King erst mal weiter, bis die Gerichte \u00fcber die Rechtm\u00e4\u00dfigkeit der K\u00fcndigung entscheiden, dann w\u00e4re wiederum die Glaubw\u00fcrdigkeit und Ernsthaftigkeit des Vorgehens in Frage gestellt&#8230;<\/p>\n","protected":false},"excerpt":{"rendered":"<p>Bei Burger King brummts. Jetzt schlie\u00dft die Europa-F\u00fchrung 89 Filialen in Deutschland, alle von der YiKo-Holding. Ich kann best\u00e4tigen, dass&hellip;<\/p>\n","protected":false},"author":1,"featured_media":0,"comment_status":"open","ping_status":"open","sticky":false,"template":"","format":"standard","meta":{"footnotes":"","_links_to":"","_links_to_target":""},"categories":[10],"tags":[],"class_list":["post-30055","post","type-post","status-publish","format-standard","hentry","category-gesellschaft"],"_links":{"self":[{"href":"https:\/\/www.gruen-wald.de\/wordpress\/wp-json\/wp\/v2\/posts\/30055"}],"collection":[{"href":"https:\/\/www.gruen-wald.de\/wordpress\/wp-json\/wp\/v2\/posts"}],"about":[{"href":"https:\/\/www.gruen-wald.de\/wordpress\/wp-json\/wp\/v2\/types\/post"}],"author":[{"embeddable":true,"href":"https:\/\/www.gruen-wald.de\/wordpress\/wp-json\/wp\/v2\/users\/1"}],"replies":[{"embeddable":true,"href":"https:\/\/www.gruen-wald.de\/wordpress\/wp-json\/wp\/v2\/comments?post=30055"}],"version-history":[{"count":0,"href":"https:\/\/www.gruen-wald.de\/wordpress\/wp-json\/wp\/v2\/posts\/30055\/revisions"}],"wp:attachment":[{"href":"https:\/\/www.gruen-wald.de\/wordpress\/wp-json\/wp\/v2\/media?parent=30055"}],"wp:term":[{"taxonomy":"category","embeddable":true,"href":"https:\/\/www.gruen-wald.de\/wordpress\/wp-json\/wp\/v2\/categories?post=30055"},{"taxonomy":"post_tag","embeddable":true,"href":"https:\/\/www.gruen-wald.de\/wordpress\/wp-json\/wp\/v2\/tags?post=30055"}],"curies":[{"name":"wp","href":"https:\/\/api.w.org\/{rel}","templated":true}]}}