{"id":30024,"date":"2014-11-16T02:54:56","date_gmt":"2014-11-16T01:54:56","guid":{"rendered":"http:\/\/blog.coaster.de\/wp\/?p=30024"},"modified":"2014-11-16T02:54:56","modified_gmt":"2014-11-16T01:54:56","slug":"alpsee-bergwelt-mit-alpin-coaster","status":"publish","type":"post","link":"https:\/\/www.gruen-wald.de\/wordpress\/film-kultur\/alpsee-bergwelt-mit-alpin-coaster\/","title":{"rendered":"Alpsee Bergwelt mit Alpin-Coaster"},"content":{"rendered":"<p><div class=\"peg-album \" style=\"\"><a title=\"pano2.jpg\" href=\"http:\/\/lh3.ggpht.com\/-KgIpgztb0Ro\/VGgBu5afFXI\/AAAAAAAAcj0\/Tw8kReUpBTM\/w2048\/pano2.jpg\" rel=\"546802a8a0794\"><img decoding=\"async\" title=\"pano2.jpg\" src=\"http:\/\/blog.coaster.de\/wp\/wp-content\/uploads\/2014\/11\/pano2.jpg\" alt=\"pano2.jpg\" width=\"540\" \/><\/a><\/div><div class='clear'><\/div><br \/>\nEine November-Herbstwanderung durch den Nationalpark Nagelfluh &#8211; mit Naturfreunden, Rodelbahnen und allerlei Allg\u00e4uer Spezialit\u00e4ten: Von Immenstadt aufs Immenst\u00e4dter Horn, weiter zum Kemptener Naturfreundehaus, von dort zur Alpsee Bergwelt, mit dem Alpin-Coaster runter und vom Tal nach Oberstaufen zum Essen. Sch\u00f6n war&#8217;s! Hier ein paar bewegte Eindr\u00fccke:<\/p>\n<p style=\"text-align: center;\"><iframe loading=\"lazy\" src=\"\/\/www.youtube.com\/embed\/CTGOryMonh4?rel=0\" frameborder=\"0\" width=\"560\" height=\"315\"><\/iframe><br \/>\n[cc-by-nc-sa]<\/p>\n","protected":false},"excerpt":{"rendered":"<p>Eine November-Herbstwanderung durch den Nationalpark Nagelfluh &#8211; mit Naturfreunden, Rodelbahnen und allerlei Allg\u00e4uer Spezialit\u00e4ten: Von Immenstadt aufs Immenst\u00e4dter Horn, weiter&hellip;<\/p>\n","protected":false},"author":1,"featured_media":0,"comment_status":"open","ping_status":"open","sticky":false,"template":"","format":"standard","meta":{"footnotes":"","_links_to":"","_links_to_target":""},"categories":[7],"tags":[],"class_list":["post-30024","post","type-post","status-publish","format-standard","hentry","category-film-kultur"],"_links":{"self":[{"href":"https:\/\/www.gruen-wald.de\/wordpress\/wp-json\/wp\/v2\/posts\/30024","targetHints":{"allow":["GET"]}}],"collection":[{"href":"https:\/\/www.gruen-wald.de\/wordpress\/wp-json\/wp\/v2\/posts"}],"about":[{"href":"https:\/\/www.gruen-wald.de\/wordpress\/wp-json\/wp\/v2\/types\/post"}],"author":[{"embeddable":true,"href":"https:\/\/www.gruen-wald.de\/wordpress\/wp-json\/wp\/v2\/users\/1"}],"replies":[{"embeddable":true,"href":"https:\/\/www.gruen-wald.de\/wordpress\/wp-json\/wp\/v2\/comments?post=30024"}],"version-history":[{"count":0,"href":"https:\/\/www.gruen-wald.de\/wordpress\/wp-json\/wp\/v2\/posts\/30024\/revisions"}],"wp:attachment":[{"href":"https:\/\/www.gruen-wald.de\/wordpress\/wp-json\/wp\/v2\/media?parent=30024"}],"wp:term":[{"taxonomy":"category","embeddable":true,"href":"https:\/\/www.gruen-wald.de\/wordpress\/wp-json\/wp\/v2\/categories?post=30024"},{"taxonomy":"post_tag","embeddable":true,"href":"https:\/\/www.gruen-wald.de\/wordpress\/wp-json\/wp\/v2\/tags?post=30024"}],"curies":[{"name":"wp","href":"https:\/\/api.w.org\/{rel}","templated":true}]}}