{"id":29966,"date":"2014-11-06T21:50:00","date_gmt":"2014-11-06T20:50:00","guid":{"rendered":"http:\/\/blog.coaster.de\/wp\/?p=29966"},"modified":"2014-11-06T21:50:00","modified_gmt":"2014-11-06T20:50:00","slug":"von-immenstadt-nach-oberstaufen","status":"publish","type":"post","link":"https:\/\/www.gruen-wald.de\/wordpress\/events\/von-immenstadt-nach-oberstaufen\/","title":{"rendered":"Von Immenstadt nach Oberstaufen"},"content":{"rendered":"<p>Ab sofort ist eine Herbstwanderung f\u00fcr kommendes Wochenende im Touren-System hinterlegt. Zwar ist heute im Allg\u00e4u einiges an Schnee gefallen und die Z\u00fcge streiken am Samstag, aber wir werden es wohl dennoch probieren: <strong>Eine Herbstwanderung durch den Nationalpark Nagelfluh &#8211;\u00a0mit Naturfreunden, Rodelbahnen und allerlei Allg\u00e4uer Spezialit\u00e4ten!<\/strong><\/p>\n<p><a href=\"http:\/\/blog.coaster.de\/wp\/wp-content\/uploads\/2014\/11\/1024px-Immenst%C3%A4dter_Horn_15._Mai_2008.jpg\"><img loading=\"lazy\" decoding=\"async\" class=\"aligncenter\" title=\"Immenstadt\" src=\"http:\/\/blog.coaster.de\/wp\/wp-content\/uploads\/2014\/11\/1024px-Immenst%C3%A4dter_Horn_15._Mai_2008.jpg\" alt=\"\" width=\"560\" height=\"300\" \/><\/a><\/p>\n<p>Eine Wanderung auf niedrigen H\u00f6hen, aber daf\u00fcr mit umso beeindruckender Kulisse! An der Schnittstelle zwischen Allg\u00e4u und Bregenzerwald hat sich \u00fcber viele Jahrhunderte hinweg eine gro\u00dfartige Kulturlandschaft entwickelt. Wir schauen uns diese Region durch eine tolle Voralpen-\u00dcberschreitung an. Und es w\u00e4re nicht BastiTours, wenn es nicht das gewisse Sahne-Extra on-top g\u00e4be: Die doch recht lange Wanderung k\u00fcrzen wir n\u00e4mlich bequem mit einem der l\u00e4ngsten Alpin-Coaster ab. Am Ende gibt es sogar noch die M\u00f6glichkeit, im malerischen Oberstaufen die legend\u00e4re Allg\u00e4uer K\u00fcche zu genie\u00dfen und den Herbsttag in einer heimeligen Stube ausklingen zu lassen. Gibt\u2019s was Sch\u00f6neres? Nein?<\/p>\n<p><a href=\"http:\/\/blog.coaster.de\/wp\/?event=herbstlicher-nagelfluh-von-immenstadt-nach-oberstaufen\">Dann gibt&#8217;s hier mehr Infos<\/a>!<\/p>\n","protected":false},"excerpt":{"rendered":"<p>Ab sofort ist eine Herbstwanderung f\u00fcr kommendes Wochenende im Touren-System hinterlegt. Zwar ist heute im Allg\u00e4u einiges an Schnee gefallen&hellip;<\/p>\n","protected":false},"author":1,"featured_media":0,"comment_status":"open","ping_status":"open","sticky":false,"template":"","format":"standard","meta":{"footnotes":"","_links_to":"","_links_to_target":""},"categories":[6],"tags":[],"class_list":["post-29966","post","type-post","status-publish","format-standard","hentry","category-events"],"_links":{"self":[{"href":"https:\/\/www.gruen-wald.de\/wordpress\/wp-json\/wp\/v2\/posts\/29966","targetHints":{"allow":["GET"]}}],"collection":[{"href":"https:\/\/www.gruen-wald.de\/wordpress\/wp-json\/wp\/v2\/posts"}],"about":[{"href":"https:\/\/www.gruen-wald.de\/wordpress\/wp-json\/wp\/v2\/types\/post"}],"author":[{"embeddable":true,"href":"https:\/\/www.gruen-wald.de\/wordpress\/wp-json\/wp\/v2\/users\/1"}],"replies":[{"embeddable":true,"href":"https:\/\/www.gruen-wald.de\/wordpress\/wp-json\/wp\/v2\/comments?post=29966"}],"version-history":[{"count":0,"href":"https:\/\/www.gruen-wald.de\/wordpress\/wp-json\/wp\/v2\/posts\/29966\/revisions"}],"wp:attachment":[{"href":"https:\/\/www.gruen-wald.de\/wordpress\/wp-json\/wp\/v2\/media?parent=29966"}],"wp:term":[{"taxonomy":"category","embeddable":true,"href":"https:\/\/www.gruen-wald.de\/wordpress\/wp-json\/wp\/v2\/categories?post=29966"},{"taxonomy":"post_tag","embeddable":true,"href":"https:\/\/www.gruen-wald.de\/wordpress\/wp-json\/wp\/v2\/tags?post=29966"}],"curies":[{"name":"wp","href":"https:\/\/api.w.org\/{rel}","templated":true}]}}