{"id":29945,"date":"2014-11-04T00:07:52","date_gmt":"2014-11-03T23:07:52","guid":{"rendered":"http:\/\/blog.coaster.de\/wp\/?p=29945"},"modified":"2014-11-04T00:07:52","modified_gmt":"2014-11-03T23:07:52","slug":"internet-rundumschlag","status":"publish","type":"post","link":"https:\/\/www.gruen-wald.de\/wordpress\/gesellschaft\/internet-rundumschlag\/","title":{"rendered":"Internet Rundumschlag"},"content":{"rendered":"<p>Als man die Mautbr\u00fccken eingef\u00fchrt hat, hie\u00df es noch, das w\u00e4re ja nur f\u00fcr die Maut und garantiert nicht f\u00fcr irgendwelche \u00dcberwachungszwecke. <a href=\"http:\/\/www.welt.de\/politik\/deutschland\/article133891564\/Das-BKA-will-Zugriff-auf-die-Mautdaten.html\">Das soll sich jetzt \u00e4ndern<\/a>. Gut, ich gebe zu, das \u00fcberrascht jetzt auch nicht. Aber weh tut es schon, wenn offensichtliche Rechtsbr\u00fcche mittlerweile schon mit eine achselzuckenden Gelassenheit angeschoben werden, weil eh alle lethargisch sind.<\/p>\n<p>Weiter: Papierrechnungen d\u00fcrften nicht extra kosten. Anbieter d\u00fcrfen Rechnung auf Papier nicht zus\u00e4tzlich geb\u00fchrenpflichtig machen, sofern sie sich nicht ausschlie\u00dflich an Internet-Nutzer richten. Hier unter b) nachzulesen: <a href=\"http:\/\/juris.bundesgerichtshof.de\/cgi-bin\/rechtsprechung\/document.py?Gericht=bgh&amp;Art=en&amp;Datum=Aktuell&amp;Sort=12288&amp;nr=69260&amp;pos=5&amp;anz=447\">Link<\/a>. Nicht uninteressant, wie ich finde.<\/p>\n<p>Und noch ein Follow-Up: Die Lehrerin aus dem Fall Arnold (ich hatte <a href=\"http:\/\/blog.coaster.de\/wp\/?p=27167\">hier<\/a>\u00a0im Rahmen eines spannenden Radio Features dar\u00fcber berichtet) muss wohl ins <a href=\"http:\/\/www.sueddeutsche.de\/panorama\/bgh-urteil-lehrerin-muss-wegen-vergewaltigungsluegen-ins-gefaengnis-1.2187154\">Gef\u00e4ngnis<\/a>. Details zum Fall auch bei <a href=\"http:\/\/de.wikipedia.org\/wiki\/Justizirrtum_um_Horst_Arnold\">Wikipedia<\/a>.<\/p>\n","protected":false},"excerpt":{"rendered":"<p>Als man die Mautbr\u00fccken eingef\u00fchrt hat, hie\u00df es noch, das w\u00e4re ja nur f\u00fcr die Maut und garantiert nicht f\u00fcr&hellip;<\/p>\n","protected":false},"author":1,"featured_media":0,"comment_status":"open","ping_status":"open","sticky":false,"template":"","format":"standard","meta":{"footnotes":"","_links_to":"","_links_to_target":""},"categories":[10],"tags":[],"class_list":["post-29945","post","type-post","status-publish","format-standard","hentry","category-gesellschaft"],"_links":{"self":[{"href":"https:\/\/www.gruen-wald.de\/wordpress\/wp-json\/wp\/v2\/posts\/29945","targetHints":{"allow":["GET"]}}],"collection":[{"href":"https:\/\/www.gruen-wald.de\/wordpress\/wp-json\/wp\/v2\/posts"}],"about":[{"href":"https:\/\/www.gruen-wald.de\/wordpress\/wp-json\/wp\/v2\/types\/post"}],"author":[{"embeddable":true,"href":"https:\/\/www.gruen-wald.de\/wordpress\/wp-json\/wp\/v2\/users\/1"}],"replies":[{"embeddable":true,"href":"https:\/\/www.gruen-wald.de\/wordpress\/wp-json\/wp\/v2\/comments?post=29945"}],"version-history":[{"count":0,"href":"https:\/\/www.gruen-wald.de\/wordpress\/wp-json\/wp\/v2\/posts\/29945\/revisions"}],"wp:attachment":[{"href":"https:\/\/www.gruen-wald.de\/wordpress\/wp-json\/wp\/v2\/media?parent=29945"}],"wp:term":[{"taxonomy":"category","embeddable":true,"href":"https:\/\/www.gruen-wald.de\/wordpress\/wp-json\/wp\/v2\/categories?post=29945"},{"taxonomy":"post_tag","embeddable":true,"href":"https:\/\/www.gruen-wald.de\/wordpress\/wp-json\/wp\/v2\/tags?post=29945"}],"curies":[{"name":"wp","href":"https:\/\/api.w.org\/{rel}","templated":true}]}}