{"id":29925,"date":"2014-11-03T08:01:29","date_gmt":"2014-11-03T07:01:29","guid":{"rendered":"http:\/\/blog.coaster.de\/wp\/?p=29925"},"modified":"2014-11-03T08:01:29","modified_gmt":"2014-11-03T07:01:29","slug":"nostalgie-am-montag-30","status":"publish","type":"post","link":"https:\/\/www.gruen-wald.de\/wordpress\/notiz\/nostalgie-am-montag-30\/","title":{"rendered":"Nostalgie am Montag"},"content":{"rendered":"<p>Ach, Pumuckl war schon was feines. Und so freut man sich umso mehr, wenn man feststellt, dass die Wendelstein-Bahn tats\u00e4chlich in einer Pumuckl-Episode vorgekommen ist, n\u00e4mlich <a href=\"https:\/\/www.youtube.com\/v\/-qp-RQvwWss\">diese hier<\/a>. Da kann man schon ein wenig nostalgisch werden, wenn man in die gelben Z\u00fcge einsteigt und die immerhin \u00fcber 100 Jahre alte und wirklich sch\u00f6n angelegte Strecke auf den Wendelstein f\u00e4hrt. So ging&#8217;s jedenfalls der Person, zu deren Geburtstag wir auf den Berg marschiert sind, als die Erkenntnis &#8222;Hey, das ist ja die Pumuckl-Bahn&#8220; einsetzte.<\/p>\n<p>Der Wendelstein ist \u00e4u\u00dferst touristisch, klar. Aber f\u00fcr einen eher gem\u00fctlichen Tagesausflug oder f\u00fcr weniger bergfitte Menschen oder &#8222;Zuagroaste&#8220; (wie man in Bayern sagen w\u00fcrde) lassen sich an einem Tag wirklich viele einfache Aktivit\u00e4ten verbinden. Noch dazu, wenn im Herbst die Bergw\u00e4lder noch sch\u00f6nere Farben haben als sonst, f\u00fcr lange Wanderungen aber die Tage schon recht frisch oder zu kurz sind. So geht&#8217;s:<\/p>\n<p><div class=\"peg-album \" style=\"\"> <a class=\"thickbox\" title=\"p1190675.jpg\" href=\"https:\/\/lh6.googleusercontent.com\/-qFjzh3XtnAs\/VFa1tuYt9gI\/AAAAAAAAb74\/WmcYP-PUYLs\/s2048\/p1190675.jpg\" rel=\"5456b607c3411\"><img loading=\"lazy\" decoding=\"async\" class=\"alignnone\" title=\"p1190675.jpg\" src=\"http:\/\/blog.coaster.de\/wp\/wp-content\/uploads\/2014\/11\/p1190675.jpg\" alt=\"p1190675.jpg\" width=\"160\" height=\"160\" \/><\/a><a class=\"thickbox\" title=\"p1190680.jpg\" href=\"https:\/\/lh6.googleusercontent.com\/-wjuwhrAcC40\/VFa1vL4HNVI\/AAAAAAAAb74\/pok14c6bVsY\/s2048\/p1190680.jpg\" rel=\"5456b607c3411\"><img loading=\"lazy\" decoding=\"async\" class=\"alignnone\" title=\"p1190680.jpg\" src=\"http:\/\/blog.coaster.de\/wp\/wp-content\/uploads\/2014\/11\/p1190680.jpg\" alt=\"p1190680.jpg\" width=\"160\" height=\"160\" \/><\/a><a class=\"thickbox\" title=\"p1190656.jpg\" href=\"https:\/\/lh3.googleusercontent.com\/-coq2Tb2mlHU\/VFa1l3hhfOI\/AAAAAAAAb74\/mL2ZRQagoUU\/s2048\/p1190656.jpg\" rel=\"5456b607c3411\"><img loading=\"lazy\" decoding=\"async\" class=\"alignnone\" title=\"p1190656.jpg\" src=\"http:\/\/blog.coaster.de\/wp\/wp-content\/uploads\/2014\/11\/p1190656.jpg\" alt=\"p1190656.jpg\" width=\"160\" height=\"160\" \/><\/a><\/div><div class='clear'><\/div><br \/>\nMittels Guten-Tag- oder Bayern-Ticket f\u00e4hrt man in einer knappen Stunde mit dem Meridian von M\u00fcnchen nach Brannenburg. Dort marschiert man vom Bahnhof aus nach links und dann einfach immer am Kirchbach entlang, bis Schilder zur Wendelsteinbahn weisen. So l\u00e4sst es sich sch\u00f6n warm laufen. An der Wendelsteinbahn kauft man sich entgegen den meisten Besuchern ein Kombiticket f\u00fcr Bahn (rauf) und Gondel (runter). Kein Rundticket, weil da w\u00e4r dann auch noch ein Shuttle-Bus dabei. Mit besagter Pumuckl-Bahn geht es dann auf den Wendelstein &#8211; eine wirklich sch\u00f6ne Strecke mit einigen spektakul\u00e4ren Felsfahrten.<\/p>\n<p>Oben kann man dann auf einem gut ausgebauten aber ebenso luftigen (sehr leichten) Steig auf den Gipfel steigen &#8211; gemeinsam mit gef\u00fchlt weiteren 1000 Personen, und den Ausblick genie\u00dfen, der trotz des hohen Touristengehaltes sehr sch\u00f6n ist. \u00dcber den Panoramaweg geht es dann optional einmal um den Gipfel herum. F\u00fcr diesen ben\u00f6tigt&#8217;s schon gute Bergschuhe, aber daf\u00fcr ist man gleich eine ganze Ecke einsamer unterwegs. Am Ende des Weges wartet dann die Wendelsteinh\u00f6hle, die \u00fcberraschend gro\u00df und tief ist und f\u00fcr einen Obulus von dzt. 2,00 \u20ac erkundet werden darf.<\/p>\n<p>Wem das noch nicht reicht, der findet hier auch noch die Wendelstein-Kirche und eine weitere Ausblick-Kanzel. Einkehrm\u00f6glichkeiten gibt es dort nat\u00fcrlich ebenfalls und die Gondel f\u00fcr die Abfahrt ist gleich um die Ecke. Diese f\u00fchrt direkt in die Ortschaft Osterhofen, die auch einen eigenen Zug-Bahnhof hat, der von der Talstation in 5 Minuten erreicht wird. Das Warten auf den Zug &#8222;vers\u00fc\u00dft&#8220; ein kostenloses Kneipp-Becken. Von Osterhofen f\u00e4hrt dann die BOB direkt wieder zur\u00fcck nach M\u00fcnchen. Da gilt ebenfalls das Bayern- oder Guten-Tag-Ticket.<\/p>\n<p>Simpel, aber durchaus eine gute M\u00f6glichkeit, wenn man mit gem\u00fctlicheren oder weniger gipfelst\u00fcrmer-interessierten Freunden einen schnellen Ausflug im M\u00fcnchner Umland machen will und kein Problem damit hat, sein Gl\u00fcck mit hunderten weiterer Touristen zu teilen. F\u00fcr Zahnrad-Bahn-Fans ist die Strecke ohnehin Pflichtprogramm. Hier das ganze in bewegten Bildern im Oktober:<\/p>\n<p style=\"text-align: center;\"><iframe loading=\"lazy\" src=\"\/\/www.youtube.com\/embed\/B-Q1NLF1fnU?rel=0\" frameborder=\"0\" width=\"560\" height=\"315\"><\/iframe><\/p>\n","protected":false},"excerpt":{"rendered":"<p>Ach, Pumuckl war schon was feines. Und so freut man sich umso mehr, wenn man feststellt, dass die Wendelstein-Bahn tats\u00e4chlich&hellip;<\/p>\n","protected":false},"author":1,"featured_media":0,"comment_status":"open","ping_status":"open","sticky":false,"template":"","format":"standard","meta":{"footnotes":"","_links_to":"","_links_to_target":""},"categories":[13],"tags":[],"class_list":["post-29925","post","type-post","status-publish","format-standard","hentry","category-notiz"],"_links":{"self":[{"href":"https:\/\/www.gruen-wald.de\/wordpress\/wp-json\/wp\/v2\/posts\/29925"}],"collection":[{"href":"https:\/\/www.gruen-wald.de\/wordpress\/wp-json\/wp\/v2\/posts"}],"about":[{"href":"https:\/\/www.gruen-wald.de\/wordpress\/wp-json\/wp\/v2\/types\/post"}],"author":[{"embeddable":true,"href":"https:\/\/www.gruen-wald.de\/wordpress\/wp-json\/wp\/v2\/users\/1"}],"replies":[{"embeddable":true,"href":"https:\/\/www.gruen-wald.de\/wordpress\/wp-json\/wp\/v2\/comments?post=29925"}],"version-history":[{"count":0,"href":"https:\/\/www.gruen-wald.de\/wordpress\/wp-json\/wp\/v2\/posts\/29925\/revisions"}],"wp:attachment":[{"href":"https:\/\/www.gruen-wald.de\/wordpress\/wp-json\/wp\/v2\/media?parent=29925"}],"wp:term":[{"taxonomy":"category","embeddable":true,"href":"https:\/\/www.gruen-wald.de\/wordpress\/wp-json\/wp\/v2\/categories?post=29925"},{"taxonomy":"post_tag","embeddable":true,"href":"https:\/\/www.gruen-wald.de\/wordpress\/wp-json\/wp\/v2\/tags?post=29925"}],"curies":[{"name":"wp","href":"https:\/\/api.w.org\/{rel}","templated":true}]}}