{"id":29848,"date":"2014-10-21T00:01:48","date_gmt":"2014-10-20T22:01:48","guid":{"rendered":"http:\/\/blog.coaster.de\/wp\/?p=29848"},"modified":"2014-10-21T00:01:48","modified_gmt":"2014-10-20T22:01:48","slug":"wintereinbruch","status":"publish","type":"post","link":"https:\/\/www.gruen-wald.de\/wordpress\/notiz\/wintereinbruch\/","title":{"rendered":"Wintereinbruch"},"content":{"rendered":"<p>Das sagt der DAV zum Wetter in den Alpen am Mittwoch:<\/p>\n<blockquote><p>Drastischer Wintereinbruch &#8211; von Bergtouren wird im Allgemeinen abgeraten! Eine Kaltfront hat die Schneefallgrenze in der Nacht um knapp 2000m sinken lassen. Es wird untertags meist stark bew\u00f6lkt sein und Schnee f\u00e4llt bis ca. 800m herunter. Auf den Bergen kommen von Dienstagnacht bis Donnerstagfr\u00fch in der Gr\u00f6\u00dfenordnung von 30-100cm Neuschnee zusammen. Die Schneemenge ist nicht zuletzt aufgrund des schweren Sturms ungenau.<\/p><\/blockquote>\n<p>Sieht so aus, als w\u00e4re die Sommersaison damit endg\u00fcltig vorbei, und ich darf so langsam <a href=\"https:\/\/www.youtube.com\/v\/MCHuEAl529U&amp;autoplay=1\">hier die Kufen wieder<\/a> schleifen:<br \/>\n<div class=\"peg-album \" style=\"\"><br \/>\n<a class=\"thickbox\" title=\"P1080334.JPG\" href=\"http:\/\/lh3.ggpht.com\/-yaXtq9uYDno\/Tu4sUfn_AlI\/AAAAAAAAMTc\/xi39Hvz6rtI\/w1024\/P1080334.JPG\" rel=\"4eee30d20ca9c\"><img loading=\"lazy\" decoding=\"async\" class=\"alignnone\" title=\"P1080334.JPG\" src=\"http:\/\/blog.coaster.de\/wp\/wp-content\/uploads\/P10803343.jpg\" alt=\"P1080334.JPG\" width=\"150\" height=\"150\" \/><\/a><a class=\"thickbox\" title=\"P1080280.JPG\" href=\"http:\/\/lh5.ggpht.com\/-rVRB6lRaAhU\/Tu4sDiYwHcI\/AAAAAAAAMSk\/8mnhhqgfGys\/w1024\/P1080280.JPG\" rel=\"4eee30d20ca9c\"><img loading=\"lazy\" decoding=\"async\" class=\"alignnone\" title=\"P1080280.JPG\" src=\"http:\/\/blog.coaster.de\/wp\/wp-content\/uploads\/P10802803.jpg\" alt=\"P1080280.JPG\" width=\"150\" height=\"150\" \/><\/a><a class=\"thickbox\" title=\"P1080279.JPG\" href=\"http:\/\/lh5.ggpht.com\/-FAXYlxMdj_0\/Tu4sC2XvnpI\/AAAAAAAAMSg\/oOAkcP0Hjco\/w1024\/P1080279.JPG\" rel=\"4eee30d20ca9c\"><img loading=\"lazy\" decoding=\"async\" class=\"alignnone\" title=\"P1080279.JPG\" src=\"http:\/\/blog.coaster.de\/wp\/wp-content\/uploads\/P10802793.jpg\" alt=\"P1080279.JPG\" width=\"150\" height=\"150\" \/><\/a><a class=\"thickbox\" title=\"P1080316.JPG\" href=\"http:\/\/lh6.ggpht.com\/-ih9DMBLRjqc\/Tu4sQaWmeZI\/AAAAAAAAMTI\/A5kXS2J200M\/w1024\/P1080316.JPG\" rel=\"4eee30d20ca9c\"><img loading=\"lazy\" decoding=\"async\" class=\"alignnone\" title=\"P1080316.JPG\" src=\"http:\/\/blog.coaster.de\/wp\/wp-content\/uploads\/P10803163.jpg\" alt=\"P1080316.JPG\" width=\"150\" height=\"150\" \/><\/a><a class=\"thickbox\" title=\"P1080288.jpg\" href=\"http:\/\/lh3.ggpht.com\/-wFvpap6OnYw\/Tu1QtpPbS5I\/AAAAAAAAMSY\/nRogroPf_yo\/w1024\/P1080288.jpg\" rel=\"4eee30d20ca9c\"><img loading=\"lazy\" decoding=\"async\" class=\"alignnone\" title=\"P1080288.jpg\" src=\"http:\/\/blog.coaster.de\/wp\/wp-content\/uploads\/P10802883.jpg\" alt=\"P1080288.jpg\" width=\"150\" height=\"150\" \/><\/a><a class=\"thickbox\" title=\"P1080333.JPG\" href=\"http:\/\/lh4.ggpht.com\/-y_SLBd1hB_o\/Tu4sThA3AsI\/AAAAAAAAMTY\/CQQsOVqnWis\/w1024\/P1080333.JPG\" rel=\"4eee30d20ca9c\"><img loading=\"lazy\" decoding=\"async\" class=\"alignnone\" title=\"P1080333.JPG\" src=\"http:\/\/blog.coaster.de\/wp\/wp-content\/uploads\/P10803333.jpg\" alt=\"P1080333.JPG\" width=\"150\" height=\"150\" \/><\/a><\/div><div class='clear'><\/div><\/p>\n","protected":false},"excerpt":{"rendered":"<p>Das sagt der DAV zum Wetter in den Alpen am Mittwoch: Drastischer Wintereinbruch &#8211; von Bergtouren wird im Allgemeinen abgeraten!&hellip;<\/p>\n","protected":false},"author":1,"featured_media":0,"comment_status":"open","ping_status":"open","sticky":false,"template":"","format":"standard","meta":{"footnotes":"","_links_to":"","_links_to_target":""},"categories":[13],"tags":[],"class_list":["post-29848","post","type-post","status-publish","format-standard","hentry","category-notiz"],"_links":{"self":[{"href":"https:\/\/www.gruen-wald.de\/wordpress\/wp-json\/wp\/v2\/posts\/29848"}],"collection":[{"href":"https:\/\/www.gruen-wald.de\/wordpress\/wp-json\/wp\/v2\/posts"}],"about":[{"href":"https:\/\/www.gruen-wald.de\/wordpress\/wp-json\/wp\/v2\/types\/post"}],"author":[{"embeddable":true,"href":"https:\/\/www.gruen-wald.de\/wordpress\/wp-json\/wp\/v2\/users\/1"}],"replies":[{"embeddable":true,"href":"https:\/\/www.gruen-wald.de\/wordpress\/wp-json\/wp\/v2\/comments?post=29848"}],"version-history":[{"count":0,"href":"https:\/\/www.gruen-wald.de\/wordpress\/wp-json\/wp\/v2\/posts\/29848\/revisions"}],"wp:attachment":[{"href":"https:\/\/www.gruen-wald.de\/wordpress\/wp-json\/wp\/v2\/media?parent=29848"}],"wp:term":[{"taxonomy":"category","embeddable":true,"href":"https:\/\/www.gruen-wald.de\/wordpress\/wp-json\/wp\/v2\/categories?post=29848"},{"taxonomy":"post_tag","embeddable":true,"href":"https:\/\/www.gruen-wald.de\/wordpress\/wp-json\/wp\/v2\/tags?post=29848"}],"curies":[{"name":"wp","href":"https:\/\/api.w.org\/{rel}","templated":true}]}}