{"id":29733,"date":"2014-10-06T20:33:18","date_gmt":"2014-10-06T18:33:18","guid":{"rendered":"http:\/\/blog.coaster.de\/wp\/?p=29733"},"modified":"2014-10-06T20:33:18","modified_gmt":"2014-10-06T18:33:18","slug":"nostalgie-am-montag-26","status":"publish","type":"post","link":"https:\/\/www.gruen-wald.de\/wordpress\/medien\/nostalgie-am-montag-26\/","title":{"rendered":"Nostalgie am Montag"},"content":{"rendered":"<p><a href=\"http:\/\/blog.coaster.de\/wp\/wp-content\/uploads\/2014\/10\/twinpeaks.jpg\"><img loading=\"lazy\" decoding=\"async\" class=\"alignleft size-full wp-image-29734\" title=\"twinpeaks\" src=\"http:\/\/blog.coaster.de\/wp\/wp-content\/uploads\/2014\/10\/twinpeaks.jpg\" alt=\"\" width=\"298\" height=\"231\" \/><\/a>Ihr k\u00f6nnt mir das nun glauben oder nicht, aber ich habe <strong>Twin Peaks<\/strong> tats\u00e4chlich w\u00e4hrend seiner Erstausstrahlung gesehen. Zugegeben allerdings nicht ganz von Beginn an.<\/p>\n<p>Es war 1992, ich war zarte 11 Jahre alt. Ich kann mich gut an die Abend-Vorschau erinnern, die ORF1 damals immer ausstrahlte. Kurze Ausschnitte erkl\u00e4rten, was am Abend zu sehen sei. F\u00fcr ein Kind, das nicht bis nach 10 aufbleiben sollte, war das nat\u00fcrlich eine ideale M\u00f6glichkeit, sich in die Welt der Erwachsenenunterhaltung einzusehen. Und welche Twin Peaks-Folge wurde damals mit welchem Ausschnitt angek\u00fcndigt?<\/p>\n<p><a href=\"https:\/\/www.youtube.com\/v\/w0_eTYwKoBE\">Diese hier<\/a>.<\/p>\n<p>Und genau wie mit Homer war&#8217;s dann auch um mich geschehen. Diese Atmosph\u00e4re, dieses Pferd, diese unfassbare Musik. Ich musste diese Episode sehen. Zwar habe ich damals aus verst\u00e4ndlichen Gr\u00fcnden nicht alle geschafft, aber mein Interesse f\u00fcr David Lynch war geweckt. 5 Jahre sp\u00e4ter sah ich mit Begeisterung <a href=\"https:\/\/www.youtube.com\/v\/y47uTkYe8RI\">diese Sendung<\/a> (Filmfreunde und ORF-Gucker erinnern sich sicherlich sofort) und wurde auf Lost Highway aufmerksam. Danach war Kino- und Sammelzeit angesagt, auch wenn ich alle Twin-Peaks-Folgen tats\u00e4chlich erst irgendwann in den 2000ern endg\u00fcltig nachgeholt habe.<\/p>\n<p>Dass Twin Peaks f\u00fcr mich weiterhin zum Genialsten z\u00e4hlt, was die TV-Landschaft der 90er geschaffen hatte, brauche ich glaube ich nicht mehr zu erw\u00e4hnen. Warum dieser Post aber perfekt f\u00fcr das heutige Nostalgie am Montag passt?<\/p>\n<p>Weil David Lynch heute eine Fortsetzung der Serie angek\u00fcndigt hat. Gemunkelt wurde es schon lange, geglaubt habe ich es nicht ganz.<\/p>\n<p>W.<\/p>\n<p>T.<\/p>\n<p>F.<\/p>\n<p style=\"text-align: center;\"><iframe loading=\"lazy\" src=\"\/\/www.youtube.com\/embed\/nNHsA4WIFvc?rel=0\" frameborder=\"0\" width=\"560\" height=\"315\"><\/iframe><\/p>\n","protected":false},"excerpt":{"rendered":"<p>Ihr k\u00f6nnt mir das nun glauben oder nicht, aber ich habe Twin Peaks tats\u00e4chlich w\u00e4hrend seiner Erstausstrahlung gesehen. Zugegeben allerdings&hellip;<\/p>\n","protected":false},"author":1,"featured_media":0,"comment_status":"open","ping_status":"open","sticky":false,"template":"","format":"standard","meta":{"footnotes":"","_links_to":"","_links_to_target":""},"categories":[12],"tags":[],"class_list":["post-29733","post","type-post","status-publish","format-standard","hentry","category-medien"],"_links":{"self":[{"href":"https:\/\/www.gruen-wald.de\/wordpress\/wp-json\/wp\/v2\/posts\/29733"}],"collection":[{"href":"https:\/\/www.gruen-wald.de\/wordpress\/wp-json\/wp\/v2\/posts"}],"about":[{"href":"https:\/\/www.gruen-wald.de\/wordpress\/wp-json\/wp\/v2\/types\/post"}],"author":[{"embeddable":true,"href":"https:\/\/www.gruen-wald.de\/wordpress\/wp-json\/wp\/v2\/users\/1"}],"replies":[{"embeddable":true,"href":"https:\/\/www.gruen-wald.de\/wordpress\/wp-json\/wp\/v2\/comments?post=29733"}],"version-history":[{"count":0,"href":"https:\/\/www.gruen-wald.de\/wordpress\/wp-json\/wp\/v2\/posts\/29733\/revisions"}],"wp:attachment":[{"href":"https:\/\/www.gruen-wald.de\/wordpress\/wp-json\/wp\/v2\/media?parent=29733"}],"wp:term":[{"taxonomy":"category","embeddable":true,"href":"https:\/\/www.gruen-wald.de\/wordpress\/wp-json\/wp\/v2\/categories?post=29733"},{"taxonomy":"post_tag","embeddable":true,"href":"https:\/\/www.gruen-wald.de\/wordpress\/wp-json\/wp\/v2\/tags?post=29733"}],"curies":[{"name":"wp","href":"https:\/\/api.w.org\/{rel}","templated":true}]}}