{"id":29722,"date":"2014-10-04T23:11:00","date_gmt":"2014-10-04T21:11:00","guid":{"rendered":"http:\/\/blog.coaster.de\/wp\/?p=29722"},"modified":"2014-10-04T23:11:00","modified_gmt":"2014-10-04T21:11:00","slug":"wahre-munchner-sind-wahrend-der-wiesn-am-kotzen","status":"publish","type":"post","link":"https:\/\/www.gruen-wald.de\/wordpress\/privates\/wahre-munchner-sind-wahrend-der-wiesn-am-kotzen\/","title":{"rendered":"W\u00e4hrend der Wiesn? War ich Am Kotzen!"},"content":{"rendered":"<p><a href=\"http:\/\/blog.coaster.de\/wp\/wp-content\/uploads\/2014\/10\/AmKotzen_tour.jpg\"><img loading=\"lazy\" decoding=\"async\" class=\"aligncenter size-full wp-image-29723\" title=\"AmKotzen_tour\" src=\"http:\/\/blog.coaster.de\/wp\/wp-content\/uploads\/2014\/10\/AmKotzen_tour.jpg\" alt=\"\" width=\"560\" height=\"750\" srcset=\"https:\/\/www.gruen-wald.de\/wordpress\/wp-content\/uploads\/2014\/10\/AmKotzen_tour.jpg 560w, https:\/\/www.gruen-wald.de\/wordpress\/wp-content\/uploads\/2014\/10\/AmKotzen_tour-224x300.jpg 224w\" sizes=\"(max-width: 560px) 100vw, 560px\" \/><\/a><\/p>\n<p>Meine Wandertouren w\u00e4hle ich in der Regel nicht an Hand von Wandervorschl\u00e4gen im Netz oder in B\u00fcchern aus. Sie sind ein gutes Beiwerk um eine denkbare Tour zu evaluieren oder zu erweitern, aber auf die Ideen komme ich wirklich indem ich einfach Karten studiere. Manchmal stolpere ich dabei pl\u00f6tzlich \u00fcber Dinge, die mich so begeistern, dass ich unbedingt genau da hin will. Manchmal sind es Orte, zu denen ich weder in B\u00fcchern noch im Internet verwertbare Informationen erhalte. Dann \u00fcberlege ich mir, ob es m\u00f6glich ist, diese Sache an einem Tag realistisch zu erreichen, kombiniere es sicherheitshalber mit irgendetwas g\u00e4ngigem und mache mich einfach auf dem Weg dorthin. Wenn sich genau dieser Weg dann auch noch als spannende und einsame Etappe einer eigentlich sonst \u00fcberlaufenen Region (sprich: als Geheimtipp) heraus stellt, ist die Idee perfekt.<\/p>\n<p>Vor einiger Zeit entdeckt ging mir deswegen die <a href=\"https:\/\/www.facebook.com\/l.php?u=https%3A%2F%2Fmega.co.nz%2F%23!C1kwzLZS!j0JRaawshftyAb_fQgxAIGpr6ZAMqb02Im_3sPnJFiA&amp;h=aAQH-Vrj4\">Wanderung zum &#8222;Kotzen&#8220;<\/a> einfach nicht aus dem Kopf. Erst hab ich gedacht, dass ich da vielleicht eher allein hinspazieren werde. Aber gepaart mit dem tollen Ausblick der Reither Spitze kam dann doch noch eine richtige BastiTour zustande, die tats\u00e4chlich so vielseitig war, wie erhofft. Mehr Details gibt&#8217;s sp\u00e4ter.<\/p>\n<p>(Disclaimer: Da ich die richtige DAV-Karte nicht dabei hatte, zeigt das Bild oben nicht ganz den Kotzen, der ein klein wenig weiter drunter kam). \ud83d\ude42<\/p>\n","protected":false},"excerpt":{"rendered":"<p>Meine Wandertouren w\u00e4hle ich in der Regel nicht an Hand von Wandervorschl\u00e4gen im Netz oder in B\u00fcchern aus. Sie sind&hellip;<\/p>\n","protected":false},"author":1,"featured_media":0,"comment_status":"open","ping_status":"open","sticky":false,"template":"","format":"standard","meta":{"footnotes":"","_links_to":"","_links_to_target":""},"categories":[15],"tags":[],"class_list":["post-29722","post","type-post","status-publish","format-standard","hentry","category-privates"],"_links":{"self":[{"href":"https:\/\/www.gruen-wald.de\/wordpress\/wp-json\/wp\/v2\/posts\/29722"}],"collection":[{"href":"https:\/\/www.gruen-wald.de\/wordpress\/wp-json\/wp\/v2\/posts"}],"about":[{"href":"https:\/\/www.gruen-wald.de\/wordpress\/wp-json\/wp\/v2\/types\/post"}],"author":[{"embeddable":true,"href":"https:\/\/www.gruen-wald.de\/wordpress\/wp-json\/wp\/v2\/users\/1"}],"replies":[{"embeddable":true,"href":"https:\/\/www.gruen-wald.de\/wordpress\/wp-json\/wp\/v2\/comments?post=29722"}],"version-history":[{"count":0,"href":"https:\/\/www.gruen-wald.de\/wordpress\/wp-json\/wp\/v2\/posts\/29722\/revisions"}],"wp:attachment":[{"href":"https:\/\/www.gruen-wald.de\/wordpress\/wp-json\/wp\/v2\/media?parent=29722"}],"wp:term":[{"taxonomy":"category","embeddable":true,"href":"https:\/\/www.gruen-wald.de\/wordpress\/wp-json\/wp\/v2\/categories?post=29722"},{"taxonomy":"post_tag","embeddable":true,"href":"https:\/\/www.gruen-wald.de\/wordpress\/wp-json\/wp\/v2\/tags?post=29722"}],"curies":[{"name":"wp","href":"https:\/\/api.w.org\/{rel}","templated":true}]}}