{"id":29705,"date":"2014-09-29T21:26:20","date_gmt":"2014-09-29T19:26:20","guid":{"rendered":"http:\/\/blog.coaster.de\/wp\/?p=29705"},"modified":"2014-09-29T21:26:20","modified_gmt":"2014-09-29T19:26:20","slug":"nostalgie-am-montag-25","status":"publish","type":"post","link":"https:\/\/www.gruen-wald.de\/wordpress\/erlebniswelten\/nostalgie-am-montag-25\/","title":{"rendered":"Nostalgie am Montag"},"content":{"rendered":"<p>Mein Interesse f\u00fcr Themenparks entstand 1988 mit dem Besuch des Gardalandes und meine Liebe 1990 mit dem Disneyland in Anaheim. Seitdem bin ich parkbegeistert, wie man auch an diesem Antwortschreiben an einen Fanbrief an\u00a0<a href=\"http:\/\/de.wikipedia.org\/wiki\/Roland_Mack\">Roland Mack<\/a>\u00a0erahnen kann. Ein Mitarbeiter des Europa Parks konnte es beim letzten gro\u00dfen\u00a0<a href=\"http:\/\/www.youtube.com\/v\/HhPs6nxbFOE&amp;autoplay=1\">Workshop im Europa Park<\/a>\u00a0mit Csongor gar nicht glauben, dass er sich damals die Zeit f\u00fcr uns genommen hatte. \ud83d\ude42 Sp\u00e4testens durch diesen Brief ist f\u00fcr mich der enorme Erfolg des Unternehmens vollst\u00e4ndig gerechtfertigt! Memories&#8230;<\/p>\n<p style=\"text-align: center;\"><a href=\"http:\/\/blog.coaster.de\/wp\/wp-content\/uploads\/2014\/09\/EuropaParkBrief.jpg\"><img loading=\"lazy\" decoding=\"async\" class=\"aligncenter size-full wp-image-29706\" title=\"EuropaParkBrief\" src=\"http:\/\/blog.coaster.de\/wp\/wp-content\/uploads\/2014\/09\/EuropaParkBrief.jpg\" alt=\"\" width=\"560\" height=\"810\" \/><\/a><\/p>\n<p style=\"text-align: center;\">PS: Die 20-Jahre alten Ehrenkarten liegen heute noch unabgerissen in meinem Fotoalbum&#8230; \ud83d\ude42<\/p>\n<p style=\"text-align: center;\">\n","protected":false},"excerpt":{"rendered":"<p>Mein Interesse f\u00fcr Themenparks entstand 1988 mit dem Besuch des Gardalandes und meine Liebe 1990 mit dem Disneyland in Anaheim.&hellip;<\/p>\n","protected":false},"author":1,"featured_media":0,"comment_status":"open","ping_status":"open","sticky":false,"template":"","format":"standard","meta":{"footnotes":"","_links_to":"","_links_to_target":""},"categories":[5],"tags":[],"class_list":["post-29705","post","type-post","status-publish","format-standard","hentry","category-erlebniswelten"],"_links":{"self":[{"href":"https:\/\/www.gruen-wald.de\/wordpress\/wp-json\/wp\/v2\/posts\/29705"}],"collection":[{"href":"https:\/\/www.gruen-wald.de\/wordpress\/wp-json\/wp\/v2\/posts"}],"about":[{"href":"https:\/\/www.gruen-wald.de\/wordpress\/wp-json\/wp\/v2\/types\/post"}],"author":[{"embeddable":true,"href":"https:\/\/www.gruen-wald.de\/wordpress\/wp-json\/wp\/v2\/users\/1"}],"replies":[{"embeddable":true,"href":"https:\/\/www.gruen-wald.de\/wordpress\/wp-json\/wp\/v2\/comments?post=29705"}],"version-history":[{"count":0,"href":"https:\/\/www.gruen-wald.de\/wordpress\/wp-json\/wp\/v2\/posts\/29705\/revisions"}],"wp:attachment":[{"href":"https:\/\/www.gruen-wald.de\/wordpress\/wp-json\/wp\/v2\/media?parent=29705"}],"wp:term":[{"taxonomy":"category","embeddable":true,"href":"https:\/\/www.gruen-wald.de\/wordpress\/wp-json\/wp\/v2\/categories?post=29705"},{"taxonomy":"post_tag","embeddable":true,"href":"https:\/\/www.gruen-wald.de\/wordpress\/wp-json\/wp\/v2\/tags?post=29705"}],"curies":[{"name":"wp","href":"https:\/\/api.w.org\/{rel}","templated":true}]}}