{"id":29693,"date":"2014-09-27T00:01:42","date_gmt":"2014-09-26T22:01:42","guid":{"rendered":"http:\/\/blog.coaster.de\/wp\/?p=29693"},"modified":"2014-09-27T00:01:42","modified_gmt":"2014-09-26T22:01:42","slug":"kurzes-anthrax-re-cap","status":"publish","type":"post","link":"https:\/\/www.gruen-wald.de\/wordpress\/gesellschaft\/kurzes-anthrax-re-cap\/","title":{"rendered":"Kurzes Anthrax Re-Cap"},"content":{"rendered":"<p><img loading=\"lazy\" decoding=\"async\" class=\"alignleft\" title=\"TwinTowers\" src=\"http:\/\/blog.coaster.de\/wp\/wp-content\/uploads\/2014\/09\/twintowers.jpg\" alt=\"\" width=\"336\" height=\"194\" \/>In letzter Zeit wieder zwei recht interessante Dokus zum Thema Anthrax-Anschl\u00e4ge nach 9\/11 gesehen, den man ja gerne schnell vergisst.<\/p>\n<p>In &#8222;<a href=\"https:\/\/www.youtube.com\/v\/PquqlX8wnT0\">Die Anthrax-Dealer<\/a>&#8220; (&#8222;The Anthrax-War&#8220;) geht Filmemacher Bob Coen einigen spannenden Spuren nach und stell dabei einige Verbindungen her, u.a. auch zum <a href=\"http:\/\/www.youtube.com\/v\/QM20dFhRR20\">Fall Frank Olsen<\/a>, den ich hier ja auch schon h\u00e4ufiger behandelt habe.<\/p>\n<p>In &#8222;<a href=\"http:\/\/www.pbs.org\/wgbh\/pages\/frontline\/anthrax-files\/\">The Anthrax Files<\/a>&#8220; der Sendung FRONTLINE des nicht-kommerziellen amerikanischen Fernsehsenders PBS wird verst\u00e4rkt nochmal der Tod des angeblich einzigen Anthrax-Attent\u00e4ters <a href=\"http:\/\/blog.coaster.de\/wp\/?p=1081\">Dr. Ivins<\/a> untersucht.<\/p>\n<p>Man muss ja letztendlich schon ganz froh sein, dass die US-Beh\u00f6rden mittlerweile eingesehen haben, dass sie diese Terroranschl\u00e4ge einfach keinem islamischen Staat anh\u00e4ngen k\u00f6nnen und auch das FBI akzeptiert hat, von einem Inside Job ausgehen zu m\u00fcssen. Die Tatsache, dass aber bis heute nahezu kein Experte glaubt, dass Ivins so einen cleveren Anschlag allein durchf\u00fchren konnte, sollte zumindest insofern jeden nachdenklich stimmen, der immer noch glaubt, durch unsere Beh\u00f6rden bei Terroranschl\u00e4gen ehrliche Aufkl\u00e4rungsarbeit aufgetischt zu bekommen&#8230; \ud83d\ude41<\/p>\n","protected":false},"excerpt":{"rendered":"<p>In letzter Zeit wieder zwei recht interessante Dokus zum Thema Anthrax-Anschl\u00e4ge nach 9\/11 gesehen, den man ja gerne schnell vergisst.&hellip;<\/p>\n","protected":false},"author":1,"featured_media":0,"comment_status":"open","ping_status":"open","sticky":false,"template":"","format":"standard","meta":{"footnotes":"","_links_to":"","_links_to_target":""},"categories":[10,12],"tags":[],"class_list":["post-29693","post","type-post","status-publish","format-standard","hentry","category-gesellschaft","category-medien"],"_links":{"self":[{"href":"https:\/\/www.gruen-wald.de\/wordpress\/wp-json\/wp\/v2\/posts\/29693"}],"collection":[{"href":"https:\/\/www.gruen-wald.de\/wordpress\/wp-json\/wp\/v2\/posts"}],"about":[{"href":"https:\/\/www.gruen-wald.de\/wordpress\/wp-json\/wp\/v2\/types\/post"}],"author":[{"embeddable":true,"href":"https:\/\/www.gruen-wald.de\/wordpress\/wp-json\/wp\/v2\/users\/1"}],"replies":[{"embeddable":true,"href":"https:\/\/www.gruen-wald.de\/wordpress\/wp-json\/wp\/v2\/comments?post=29693"}],"version-history":[{"count":0,"href":"https:\/\/www.gruen-wald.de\/wordpress\/wp-json\/wp\/v2\/posts\/29693\/revisions"}],"wp:attachment":[{"href":"https:\/\/www.gruen-wald.de\/wordpress\/wp-json\/wp\/v2\/media?parent=29693"}],"wp:term":[{"taxonomy":"category","embeddable":true,"href":"https:\/\/www.gruen-wald.de\/wordpress\/wp-json\/wp\/v2\/categories?post=29693"},{"taxonomy":"post_tag","embeddable":true,"href":"https:\/\/www.gruen-wald.de\/wordpress\/wp-json\/wp\/v2\/tags?post=29693"}],"curies":[{"name":"wp","href":"https:\/\/api.w.org\/{rel}","templated":true}]}}