{"id":29685,"date":"2014-09-26T08:01:56","date_gmt":"2014-09-26T06:01:56","guid":{"rendered":"http:\/\/blog.coaster.de\/wp\/?p=29685"},"modified":"2014-09-26T08:01:56","modified_gmt":"2014-09-26T06:01:56","slug":"29685","status":"publish","type":"post","link":"https:\/\/www.gruen-wald.de\/wordpress\/gesellschaft\/29685\/","title":{"rendered":"We push ourselves to the maximum!"},"content":{"rendered":"<p>Falko L\u00f6ffler hat mich vor einiger Zeit auf dieses Video gesto\u00dfen, das alles beschreibt, was die 80er waren&#8230;<\/p>\n<p style=\"text-align: center;\"><iframe loading=\"lazy\" src=\"\/\/www.youtube.com\/embed\/TIfAkOBMf5A?rel=0\" frameborder=\"0\" width=\"420\" height=\"315\"><\/iframe><\/p>\n<p>&#8230; und da ich 80er-Jahre-Syntheziser-Musik einfach schrecklich genial finde, habe ich jetzt einen Ohrwurm. Super. Der 15-Sekunden-Jingle ist so penetrant-verr\u00fcckt, dass es ihn sogar in einer 10-Stunden-Version auf Youtube gibt. Jetzt hat mich doch mal interessiert, <span style=\"text-decoration: underline;\">wie<\/span> penetrant diese Aerobic-Championship-Shows diesen Mist einsetzen:<\/p>\n<p>\u2022\u00a0Das oben genannte Video stammt aus dem <a href=\"https:\/\/www.youtube.com\/v\/ozoTzkCeO-A&amp;autoplay=1\">Intro der Championships von 1988<\/a> &#8211; das sich schon allein auf Grund der unfassbaren Ank\u00fcndigung der Athleten zu sehen lohnt! Und nat\u00fcrlich findet sich dort auch der Jingle wieder, der minutenlang \u00fcber den \u00c4ther d\u00f6delt.<br \/>\n\u2022 Genutzt haben sie es aber scheinbar schon Jahre zuvor! Zuerst habe ich mir noch Hoffnungen gemacht, <a href=\"https:\/\/www.youtube.com\/v\/L-yxmCNkS30&amp;autoplay=1\">aber auch 1986 war der Jingle allgegenw\u00e4rtig<\/a>! (<a href=\"https:\/\/www.youtube.com\/v\/8wvcXKJdud4&amp;t=1m12s&amp;autoplay=1\">1987 nat\u00fcrlich dann genauso<\/a>).<br \/>\n\u2022\u00a01989? <a href=\"https:\/\/www.youtube.com\/v\/IG4475cv6RQ&amp;autoplay=1\">Klar<\/a>. Der gleiche Dauerjingle! Das gleiche Neonstudio. Die gleichen Anz\u00fcge. Aber ich glaube, die G\u00fcrtel sind neu!<br \/>\n\u2022 1990 sind die 80er endlich rum und Rebook sponsort jetzt das Event. Auch die B\u00fchne ist neu! Die Anz\u00fcge werden jetzt pastellig! Da wird es doch endlich auch einen neuen Song geben, oder? <a href=\"https:\/\/www.youtube.com\/v\/x5sHa5mu_Aw&amp;autoplay=1\">NEIN<\/a>!<\/p>\n<p>Noch mindestens ein Jahr wird es dauern, bis die 80er (und der Song&#8230;. und Aerobic!) dann endlich in der Versenkung verschwindet. Der Jingle geht aber eindeutig bei mir in meine pers\u00f6nliche Synthie-Hitparade ein, gemeinsam mit dem genialen Soundtrack zu <a href=\"https:\/\/www.youtube.com\/v\/lKMPpkjIxsE&amp;autoplay=1\">J\u00e4ger der verlorenen Galaxis<\/a>!<\/p>\n","protected":false},"excerpt":{"rendered":"<p>Falko L\u00f6ffler hat mich vor einiger Zeit auf dieses Video gesto\u00dfen, das alles beschreibt, was die 80er waren&#8230; &#8230; und&hellip;<\/p>\n","protected":false},"author":1,"featured_media":0,"comment_status":"open","ping_status":"open","sticky":false,"template":"","format":"standard","meta":{"footnotes":"","_links_to":"","_links_to_target":""},"categories":[10],"tags":[],"class_list":["post-29685","post","type-post","status-publish","format-standard","hentry","category-gesellschaft"],"_links":{"self":[{"href":"https:\/\/www.gruen-wald.de\/wordpress\/wp-json\/wp\/v2\/posts\/29685"}],"collection":[{"href":"https:\/\/www.gruen-wald.de\/wordpress\/wp-json\/wp\/v2\/posts"}],"about":[{"href":"https:\/\/www.gruen-wald.de\/wordpress\/wp-json\/wp\/v2\/types\/post"}],"author":[{"embeddable":true,"href":"https:\/\/www.gruen-wald.de\/wordpress\/wp-json\/wp\/v2\/users\/1"}],"replies":[{"embeddable":true,"href":"https:\/\/www.gruen-wald.de\/wordpress\/wp-json\/wp\/v2\/comments?post=29685"}],"version-history":[{"count":0,"href":"https:\/\/www.gruen-wald.de\/wordpress\/wp-json\/wp\/v2\/posts\/29685\/revisions"}],"wp:attachment":[{"href":"https:\/\/www.gruen-wald.de\/wordpress\/wp-json\/wp\/v2\/media?parent=29685"}],"wp:term":[{"taxonomy":"category","embeddable":true,"href":"https:\/\/www.gruen-wald.de\/wordpress\/wp-json\/wp\/v2\/categories?post=29685"},{"taxonomy":"post_tag","embeddable":true,"href":"https:\/\/www.gruen-wald.de\/wordpress\/wp-json\/wp\/v2\/tags?post=29685"}],"curies":[{"name":"wp","href":"https:\/\/api.w.org\/{rel}","templated":true}]}}