{"id":29672,"date":"2014-09-21T00:01:36","date_gmt":"2014-09-20T22:01:36","guid":{"rendered":"http:\/\/blog.coaster.de\/wp\/?p=29672"},"modified":"2014-09-21T00:01:36","modified_gmt":"2014-09-20T22:01:36","slug":"gerhard-polt-ardhi-engl","status":"publish","type":"post","link":"https:\/\/www.gruen-wald.de\/wordpress\/film-kultur\/gerhard-polt-ardhi-engl\/","title":{"rendered":"Gerhard Polt &#038; Ardhi Engl"},"content":{"rendered":"<p><a class=\"thickbox\" title=\"P1090132.JPG\" href=\"http:\/\/lh4.ggpht.com\/-GRBJzyDbIhk\/T4nu-L2-1VI\/AAAAAAAAOkw\/QEq5p0gkKb8\/w1024\/P1090132.JPG\" rel=\"50009f9bba510\"><img loading=\"lazy\" decoding=\"async\" class=\"alignleft\" title=\"P1090132.JPG\" src=\"http:\/\/blog.coaster.de\/wp\/wp-content\/uploads\/2012\/07\/P10901326.jpg\" alt=\"P1090132.JPG\" width=\"150\" height=\"84\" \/><\/a>Das von mir verehrte Schweizer Radio hat in seinem Programm\u00a0\u00a0Spasspartout einen Auftritt von\u00a0Gerhard Polt &amp; Ardhi Engl ver\u00f6ffentlicht, den man derzeit <span style=\"text-decoration: underline;\">kostenlos<\/span> anh\u00f6ren kann. Ich wei\u00df, damit sind&#8217;s gleich zwei Gerhard-Polt-Posts hintereinander, aber da ich nicht wei\u00df, wie lange der Beitrag noch auf der Seite des RadioSRF verf\u00fcgbar ist, habe ich mir gedacht, ich verlinke ihn lieber gleich auf dem Blog. Viel Spa\u00df!<\/p>\n<p><iframe loading=\"lazy\" name=\"Spasspartout\" src=\"http:\/\/www.srf.ch\/player\/radio\/spasspartout\/audioembed\/gerhard-polt--ardhi-engl?id=dc3fdf5d-9cc8-4276-b453-aeaf43c7e44e&amp;mode=embed&amp;width=624&amp;height=44\" frameborder=\"0\" width=\"550\" height=\"44\"><\/iframe><\/p>\n","protected":false},"excerpt":{"rendered":"<p>Das von mir verehrte Schweizer Radio hat in seinem Programm\u00a0\u00a0Spasspartout einen Auftritt von\u00a0Gerhard Polt &amp; Ardhi Engl ver\u00f6ffentlicht, den man&hellip;<\/p>\n","protected":false},"author":1,"featured_media":0,"comment_status":"open","ping_status":"open","sticky":false,"template":"","format":"standard","meta":{"footnotes":"","_links_to":"","_links_to_target":""},"categories":[7],"tags":[],"class_list":["post-29672","post","type-post","status-publish","format-standard","hentry","category-film-kultur"],"_links":{"self":[{"href":"https:\/\/www.gruen-wald.de\/wordpress\/wp-json\/wp\/v2\/posts\/29672","targetHints":{"allow":["GET"]}}],"collection":[{"href":"https:\/\/www.gruen-wald.de\/wordpress\/wp-json\/wp\/v2\/posts"}],"about":[{"href":"https:\/\/www.gruen-wald.de\/wordpress\/wp-json\/wp\/v2\/types\/post"}],"author":[{"embeddable":true,"href":"https:\/\/www.gruen-wald.de\/wordpress\/wp-json\/wp\/v2\/users\/1"}],"replies":[{"embeddable":true,"href":"https:\/\/www.gruen-wald.de\/wordpress\/wp-json\/wp\/v2\/comments?post=29672"}],"version-history":[{"count":0,"href":"https:\/\/www.gruen-wald.de\/wordpress\/wp-json\/wp\/v2\/posts\/29672\/revisions"}],"wp:attachment":[{"href":"https:\/\/www.gruen-wald.de\/wordpress\/wp-json\/wp\/v2\/media?parent=29672"}],"wp:term":[{"taxonomy":"category","embeddable":true,"href":"https:\/\/www.gruen-wald.de\/wordpress\/wp-json\/wp\/v2\/categories?post=29672"},{"taxonomy":"post_tag","embeddable":true,"href":"https:\/\/www.gruen-wald.de\/wordpress\/wp-json\/wp\/v2\/tags?post=29672"}],"curies":[{"name":"wp","href":"https:\/\/api.w.org\/{rel}","templated":true}]}}