{"id":29666,"date":"2014-09-23T00:02:34","date_gmt":"2014-09-22T22:02:34","guid":{"rendered":"http:\/\/blog.coaster.de\/wp\/?p=29666"},"modified":"2014-09-23T00:02:34","modified_gmt":"2014-09-22T22:02:34","slug":"encounter","status":"publish","type":"post","link":"https:\/\/www.gruen-wald.de\/wordpress\/erlebniswelten\/encounter\/","title":{"rendered":"Encounter"},"content":{"rendered":"<p>Schausteller\u00a0<a href=\"http:\/\/www.karl-haesler-productions.de\/\">Karl H\u00e4sler<\/a> hat ein neues Fahrgesch\u00e4ft &#8211; oder besser gesagt: Eine neue Show. Ich hab mich ein wenig gekringelt, denn was sie gro\u00df als Neuheit verkaufen ist scheinbar im Prinzip nur ein billiges Rip-Of von Disneys\u00a0<a href=\"http:\/\/en.wikipedia.org\/wiki\/ExtraTERRORestrial_Alien_Encounter\">Alien Encounter<\/a>\u00a0(Vorsicht: Spoiler im Link!)\u00a0aus dem Jahre 1995. Von einer &#8222;eigenen Idee&#8220; kann also wirklich nicht die Rede sein. Da die Disney-Attraktion, auch wegen des sehr hohen Gruselfaktors, 2003 geschlossen wurde, hat sie heute eine nostalgische Kult-Anh\u00e4ngerschaft um sich geschart und ein paar der Fans sind tats\u00e4chlich deswegen schon auf H\u00e4slers Bau aufmerksam geworden.<\/p>\n<p style=\"text-align: center;\"><iframe loading=\"lazy\" src=\"\/\/www.youtube.com\/embed\/8xcuAtnUtiM?rel=0\" frameborder=\"0\" width=\"560\" height=\"315\"><\/iframe><\/p>\n<p style=\"text-align: left;\">Auch wenn (oder gerade weil) ich es leider nie in Disney Alien Encounter geschafft habe, w\u00fcrde mich das Ding ja schon interessieren. Zum einen der frechen Dreistigkeit wegen, zum anderen aber auch, weil ich das Alien-Encounter-Prinzip wirklich sch\u00f6n fand. Allerdings ist der Eintrittspreis von angeblich ACHT (!) Euro wohl ziemlich \u00fcberzogen. Am Samstag wurde das Fahrgesch\u00e4ft jedenfalls immer noch (!) aufgebaut, obwohl die Wiesn schon l\u00e4uft. Laut Zeitungsberichten war aber der T\u00dcV-Termin schon bestellt, also sollte es eigentlich jede Minute losgehen mit dem &#8222;Encounter&#8220;.<\/p>\n<p style=\"text-align: left;\"><strong>Edit<\/strong>: Den Beitrag hatte ich am Samstag geschrieben. Am Sonntag gab es bereits erste Laufkundschaft:<\/p>\n<p style=\"text-align: left;\"><a href=\"http:\/\/blog.coaster.de\/wp\/wp-content\/uploads\/2014\/09\/encounter.jpg\"><img loading=\"lazy\" decoding=\"async\" class=\"aligncenter size-full wp-image-29677\" title=\"encounter\" src=\"http:\/\/blog.coaster.de\/wp\/wp-content\/uploads\/2014\/09\/encounter.jpg\" alt=\"\" width=\"560\" height=\"320\" srcset=\"https:\/\/www.gruen-wald.de\/wordpress\/wp-content\/uploads\/2014\/09\/encounter.jpg 560w, https:\/\/www.gruen-wald.de\/wordpress\/wp-content\/uploads\/2014\/09\/encounter-300x171.jpg 300w\" sizes=\"(max-width: 560px) 100vw, 560px\" \/><\/a><\/p>\n<p style=\"text-align: left;\"><strong>Edit 2<\/strong>: Sieht nicht so aus, <a href=\"http:\/\/www.tz.de\/muenchen\/wiesn\/encounter-panne-deshalb-blieb-fahrgeschaeft-3886843.html\">dass es gl\u00fcckliche Kunden waren<\/a>. \ud83d\ude09<\/p>\n","protected":false},"excerpt":{"rendered":"<p>Schausteller\u00a0Karl H\u00e4sler hat ein neues Fahrgesch\u00e4ft &#8211; oder besser gesagt: Eine neue Show. Ich hab mich ein wenig gekringelt, denn&hellip;<\/p>\n","protected":false},"author":1,"featured_media":0,"comment_status":"open","ping_status":"open","sticky":false,"template":"","format":"standard","meta":{"footnotes":"","_links_to":"","_links_to_target":""},"categories":[5],"tags":[],"class_list":["post-29666","post","type-post","status-publish","format-standard","hentry","category-erlebniswelten"],"_links":{"self":[{"href":"https:\/\/www.gruen-wald.de\/wordpress\/wp-json\/wp\/v2\/posts\/29666"}],"collection":[{"href":"https:\/\/www.gruen-wald.de\/wordpress\/wp-json\/wp\/v2\/posts"}],"about":[{"href":"https:\/\/www.gruen-wald.de\/wordpress\/wp-json\/wp\/v2\/types\/post"}],"author":[{"embeddable":true,"href":"https:\/\/www.gruen-wald.de\/wordpress\/wp-json\/wp\/v2\/users\/1"}],"replies":[{"embeddable":true,"href":"https:\/\/www.gruen-wald.de\/wordpress\/wp-json\/wp\/v2\/comments?post=29666"}],"version-history":[{"count":0,"href":"https:\/\/www.gruen-wald.de\/wordpress\/wp-json\/wp\/v2\/posts\/29666\/revisions"}],"wp:attachment":[{"href":"https:\/\/www.gruen-wald.de\/wordpress\/wp-json\/wp\/v2\/media?parent=29666"}],"wp:term":[{"taxonomy":"category","embeddable":true,"href":"https:\/\/www.gruen-wald.de\/wordpress\/wp-json\/wp\/v2\/categories?post=29666"},{"taxonomy":"post_tag","embeddable":true,"href":"https:\/\/www.gruen-wald.de\/wordpress\/wp-json\/wp\/v2\/tags?post=29666"}],"curies":[{"name":"wp","href":"https:\/\/api.w.org\/{rel}","templated":true}]}}