{"id":29651,"date":"2014-09-20T19:12:03","date_gmt":"2014-09-20T17:12:03","guid":{"rendered":"http:\/\/blog.coaster.de\/wp\/?p=29651"},"modified":"2014-09-20T19:12:03","modified_gmt":"2014-09-20T17:12:03","slug":"spezi-is-da-no-frei","status":"publish","type":"post","link":"https:\/\/www.gruen-wald.de\/wordpress\/gesellschaft\/spezi-is-da-no-frei\/","title":{"rendered":"Spezi, is do no frei?"},"content":{"rendered":"<p style=\"text-align: center;\">&#8222;<a href=\"https:\/\/www.youtube.com\/v\/tQjHD2n-yGU&#038;autoplay=1\">Ein G&#8217;summs. Ein G&#8217;wurl. Und die ganzen schei\u00df Ausl\u00e4nder, die von dahoam die Pl\u00e4tze wegfaxen&#8230;<\/a>&#8222;<\/p>\n<div><center><a href=\"http:\/\/lh3.ggpht.com\/-KIVn236Kuhs\/ToTyrE3emsI\/AAAAAAAAL40\/Wk6F4AV2d4s\/P1070627.jpg?imgmax=2048\" rel=\"lightbox[2011-8-5-0-41-39]\"><img loading=\"lazy\" decoding=\"async\" src=\"http:\/\/blog.coaster.de\/wp\/wp-content\/uploads\/P10706273.jpg\" alt=\"P1070627.jpg\" width=\"160\" height=\"160\" \/><\/a><a href=\"http:\/\/lh3.ggpht.com\/-VijmZTW3N3E\/ToTyYvQMxHI\/AAAAAAAAL3k\/YDPlGavTg3M\/P1070528.JPG?imgmax=2048\" rel=\"lightbox[2011-8-5-0-41-39]\"><img loading=\"lazy\" decoding=\"async\" src=\"http:\/\/blog.coaster.de\/wp\/wp-content\/uploads\/P10705283.jpg\" alt=\"P1070528.JPG\" width=\"160\" height=\"160\" \/><\/a><a href=\"http:\/\/lh4.ggpht.com\/-C6KEhQIyiM8\/ToTyW_AoZmI\/AAAAAAAAL3c\/LGMlmjzqTJI\/P1070526.JPG?imgmax=2048\" rel=\"lightbox[2011-8-5-0-41-39]\"><img loading=\"lazy\" decoding=\"async\" src=\"http:\/\/blog.coaster.de\/wp\/wp-content\/uploads\/P10705263.jpg\" alt=\"P1070526.JPG\" width=\"160\" height=\"160\" \/><\/a><\/center><\/div>\n","protected":false},"excerpt":{"rendered":"<p>&#8222;Ein G&#8217;summs. Ein G&#8217;wurl. Und die ganzen schei\u00df Ausl\u00e4nder, die von dahoam die Pl\u00e4tze wegfaxen&#8230;&#8222;<\/p>\n","protected":false},"author":1,"featured_media":0,"comment_status":"open","ping_status":"open","sticky":false,"template":"","format":"standard","meta":{"footnotes":"","_links_to":"","_links_to_target":""},"categories":[10],"tags":[],"class_list":["post-29651","post","type-post","status-publish","format-standard","hentry","category-gesellschaft"],"_links":{"self":[{"href":"https:\/\/www.gruen-wald.de\/wordpress\/wp-json\/wp\/v2\/posts\/29651"}],"collection":[{"href":"https:\/\/www.gruen-wald.de\/wordpress\/wp-json\/wp\/v2\/posts"}],"about":[{"href":"https:\/\/www.gruen-wald.de\/wordpress\/wp-json\/wp\/v2\/types\/post"}],"author":[{"embeddable":true,"href":"https:\/\/www.gruen-wald.de\/wordpress\/wp-json\/wp\/v2\/users\/1"}],"replies":[{"embeddable":true,"href":"https:\/\/www.gruen-wald.de\/wordpress\/wp-json\/wp\/v2\/comments?post=29651"}],"version-history":[{"count":0,"href":"https:\/\/www.gruen-wald.de\/wordpress\/wp-json\/wp\/v2\/posts\/29651\/revisions"}],"wp:attachment":[{"href":"https:\/\/www.gruen-wald.de\/wordpress\/wp-json\/wp\/v2\/media?parent=29651"}],"wp:term":[{"taxonomy":"category","embeddable":true,"href":"https:\/\/www.gruen-wald.de\/wordpress\/wp-json\/wp\/v2\/categories?post=29651"},{"taxonomy":"post_tag","embeddable":true,"href":"https:\/\/www.gruen-wald.de\/wordpress\/wp-json\/wp\/v2\/tags?post=29651"}],"curies":[{"name":"wp","href":"https:\/\/api.w.org\/{rel}","templated":true}]}}