{"id":29632,"date":"2014-09-12T00:01:32","date_gmt":"2014-09-11T22:01:32","guid":{"rendered":"http:\/\/blog.coaster.de\/wp\/?p=29632"},"modified":"2014-09-12T00:01:32","modified_gmt":"2014-09-11T22:01:32","slug":"911-recap-2014","status":"publish","type":"post","link":"https:\/\/www.gruen-wald.de\/wordpress\/bildung\/911-recap-2014\/","title":{"rendered":"9\/11-Recap 2014"},"content":{"rendered":"<p>Anl\u00e4sslich des Jahrestages von 9\/11 kann man ja auch mal wieder ein Video von diesem umstrittenen Event posten. Denn auch wenn es vielleicht manchmal nicht so wirkt, habe ich meine Recherchen \u00fcber psychologische Kriegsf\u00fchrung, False Flags und Geheimdienstaktivit\u00e4ten nicht eingestellt. Die Verschw\u00f6rung um 9\/11 ist nat\u00fcrlich weiterhin ein hei\u00dfes Eisen und tats\u00e4chlich kommen immer wieder ein paar neue Daten in die unabh\u00e4ngigen Untersuchen dazu (wenn auch nur wenige neue Antworten).<\/p>\n<p style=\"text-align: center;\"><img loading=\"lazy\" decoding=\"async\" class=\"aligncenter size-full wp-image-29633\" title=\"TwinTowers\" src=\"http:\/\/blog.coaster.de\/wp\/wp-content\/uploads\/2014\/09\/twintowers.jpg\" alt=\"\" width=\"560\" height=\"323\" srcset=\"https:\/\/www.gruen-wald.de\/wordpress\/wp-content\/uploads\/2014\/09\/twintowers.jpg 560w, https:\/\/www.gruen-wald.de\/wordpress\/wp-content\/uploads\/2014\/09\/twintowers-300x173.jpg 300w\" sizes=\"(max-width: 560px) 100vw, 560px\" \/><\/p>\n<p>Einer der letzten gro\u00dfen Beitr\u00e4ge war wohl der des Italieners Massimo Mazzucco. Es handelt sich dabei prinzipiell &#8222;nur&#8220; um eine Zusammenstellung der Debatten, die es seit den letzten Jahren zu dem Thema gab. Der Film ist zwar generell eher tendenzi\u00f6s und Filmemacher Mazzucco ist auch nicht v\u00f6llig <a href=\"https:\/\/de.wikipedia.org\/wiki\/Massimo_Mazzucco\">unumstritten<\/a> (aber wer ist das schon?) aber ich kenne wirklich kaum ein Werk (vielleicht mit Ausnahme der <a href=\"http:\/\/edvan.fadeout.ch\/v2\/?customerId=30&amp;channelId=189&amp;broadcastId=1379\">Vorlesungen<\/a> von Ganser) die es schaffen, eine m\u00f6glichst neutrale Position beizubehalten. Seine Position ist jedenfalls sehr offensichtlich nicht auf Seiten der offiziellen Erkl\u00e4rung (aber wieso muss man das bei einer Regierung <a href=\"https:\/\/de.wikipedia.org\/wiki\/Globale_\u00dcberwachungs-_und_Spionageaff\u00e4re\">mit solchen Aff\u00e4ren<\/a> schon sein, um Ernst genommen zu werden?). Ich halte der Zusammenfassung zu gute, dass es eben wirklich die erste richtige Zusammenfassung der wichtigsten Fragestellungen ist &#8211; und dass er (trotz Tendenz) auch die Gegenargumente zu Wort kommen l\u00e4sst. Au\u00dferdem ist sie didaktisch wirklich sehr gelungen aufgebaut.<\/p>\n<p>Wer sich mit dem Thema mal wieder ausseinandersetzen will &#8211; oder eine Einf\u00fchrung in die 9\/11-Skepsis haben m\u00f6chte &#8211; kann das 5-Stunden (!) Werk kostenlos auf Youtube betrachten. Es ist kurzweiliger, als man denkt und mit Sicherheit eine Grundlage f\u00fcr weiteres Debunking &lt;-&gt; Debunking-Debunker &lt;-&gt; Debunking-Debunking-Debunkers ;-).<\/p>\n<p style=\"text-align: center;\"><iframe loading=\"lazy\" src=\"\/\/www.youtube.com\/embed\/O1GCeuSr3Mk?rel=0\" frameborder=\"0\" width=\"560\" height=\"420\"><\/iframe><\/p>\n<p style=\"text-align: center;\">[<a href=\"https:\/\/www.youtube.com\/v\/K7mDXHn_byA\">Teil 2<\/a> \/ <a href=\"https:\/\/www.youtube.com\/v\/DegLpgJmFL8\">Teil 3<\/a>]<\/p>\n","protected":false},"excerpt":{"rendered":"<p>Anl\u00e4sslich des Jahrestages von 9\/11 kann man ja auch mal wieder ein Video von diesem umstrittenen Event posten. Denn auch&hellip;<\/p>\n","protected":false},"author":1,"featured_media":0,"comment_status":"open","ping_status":"open","sticky":false,"template":"","format":"standard","meta":{"footnotes":"","_links_to":"","_links_to_target":""},"categories":[3,10],"tags":[],"class_list":["post-29632","post","type-post","status-publish","format-standard","hentry","category-bildung","category-gesellschaft"],"_links":{"self":[{"href":"https:\/\/www.gruen-wald.de\/wordpress\/wp-json\/wp\/v2\/posts\/29632"}],"collection":[{"href":"https:\/\/www.gruen-wald.de\/wordpress\/wp-json\/wp\/v2\/posts"}],"about":[{"href":"https:\/\/www.gruen-wald.de\/wordpress\/wp-json\/wp\/v2\/types\/post"}],"author":[{"embeddable":true,"href":"https:\/\/www.gruen-wald.de\/wordpress\/wp-json\/wp\/v2\/users\/1"}],"replies":[{"embeddable":true,"href":"https:\/\/www.gruen-wald.de\/wordpress\/wp-json\/wp\/v2\/comments?post=29632"}],"version-history":[{"count":0,"href":"https:\/\/www.gruen-wald.de\/wordpress\/wp-json\/wp\/v2\/posts\/29632\/revisions"}],"wp:attachment":[{"href":"https:\/\/www.gruen-wald.de\/wordpress\/wp-json\/wp\/v2\/media?parent=29632"}],"wp:term":[{"taxonomy":"category","embeddable":true,"href":"https:\/\/www.gruen-wald.de\/wordpress\/wp-json\/wp\/v2\/categories?post=29632"},{"taxonomy":"post_tag","embeddable":true,"href":"https:\/\/www.gruen-wald.de\/wordpress\/wp-json\/wp\/v2\/tags?post=29632"}],"curies":[{"name":"wp","href":"https:\/\/api.w.org\/{rel}","templated":true}]}}