{"id":29598,"date":"2014-09-10T18:59:34","date_gmt":"2014-09-10T16:59:34","guid":{"rendered":"http:\/\/blog.coaster.de\/wp\/?p=29598"},"modified":"2014-09-10T18:59:34","modified_gmt":"2014-09-10T16:59:34","slug":"the-daily-show-podcast","status":"publish","type":"post","link":"https:\/\/www.gruen-wald.de\/wordpress\/medien\/the-daily-show-podcast\/","title":{"rendered":"The Daily Show Podcast"},"content":{"rendered":"<p><a href=\"http:\/\/blog.coaster.de\/wp\/wp-content\/uploads\/2014\/09\/oliverstewart.jpg\"><img loading=\"lazy\" decoding=\"async\" class=\"alignleft size-full wp-image-29599\" title=\"oliverstewart\" src=\"http:\/\/blog.coaster.de\/wp\/wp-content\/uploads\/2014\/09\/oliverstewart.jpg\" alt=\"\" width=\"317\" height=\"176\" srcset=\"https:\/\/www.gruen-wald.de\/wordpress\/wp-content\/uploads\/2014\/09\/oliverstewart.jpg 317w, https:\/\/www.gruen-wald.de\/wordpress\/wp-content\/uploads\/2014\/09\/oliverstewart-300x167.jpg 300w\" sizes=\"(max-width: 317px) 100vw, 317px\" \/><\/a>Seit einiger Zeit gibt es zur eh schon genialen &#8222;Daily Show&#8220; auch einen Podcast. Mich pers\u00f6nlich begeistert das ein klein wenig, weil dort endlich auch mal hinter die Kulissen geblickt und erkl\u00e4rt wird, wie die einzelnen Beitr\u00e4ge \u00fcberhaupt zustande kamen. In der aktuellen Episode sprechen Jason Jones und sein Field Producer z.B. \u00fcber die Sequenzen in Indien oder wie sie es geschafft haben, ein privates Meeting mit Gorbatschow zu organisieren (<a href=\"http:\/\/thedailyshow.cc.com\/video-playlists\/ok5iqc\/jason-jones-in-the-field\/affj6c\">das hier<\/a>, klasse!).<\/p>\n<p><a href=\"http:\/\/thedailyshow.cc.com\/podcast\">Die Podcasts gibt&#8217;s hier<\/a>. Die Episode mit Jason Jones ist die zweite. Oder zum direkten Download <a href=\"http:\/\/traffic.libsyn.com\/thedailyshow\/ds_podcast.mp3\">hier<\/a>\u00a0lang.<\/p>\n","protected":false},"excerpt":{"rendered":"<p>Seit einiger Zeit gibt es zur eh schon genialen &#8222;Daily Show&#8220; auch einen Podcast. Mich pers\u00f6nlich begeistert das ein klein&hellip;<\/p>\n","protected":false},"author":1,"featured_media":0,"comment_status":"open","ping_status":"open","sticky":false,"template":"","format":"standard","meta":{"footnotes":"","_links_to":"","_links_to_target":""},"categories":[12],"tags":[],"class_list":["post-29598","post","type-post","status-publish","format-standard","hentry","category-medien"],"_links":{"self":[{"href":"https:\/\/www.gruen-wald.de\/wordpress\/wp-json\/wp\/v2\/posts\/29598"}],"collection":[{"href":"https:\/\/www.gruen-wald.de\/wordpress\/wp-json\/wp\/v2\/posts"}],"about":[{"href":"https:\/\/www.gruen-wald.de\/wordpress\/wp-json\/wp\/v2\/types\/post"}],"author":[{"embeddable":true,"href":"https:\/\/www.gruen-wald.de\/wordpress\/wp-json\/wp\/v2\/users\/1"}],"replies":[{"embeddable":true,"href":"https:\/\/www.gruen-wald.de\/wordpress\/wp-json\/wp\/v2\/comments?post=29598"}],"version-history":[{"count":0,"href":"https:\/\/www.gruen-wald.de\/wordpress\/wp-json\/wp\/v2\/posts\/29598\/revisions"}],"wp:attachment":[{"href":"https:\/\/www.gruen-wald.de\/wordpress\/wp-json\/wp\/v2\/media?parent=29598"}],"wp:term":[{"taxonomy":"category","embeddable":true,"href":"https:\/\/www.gruen-wald.de\/wordpress\/wp-json\/wp\/v2\/categories?post=29598"},{"taxonomy":"post_tag","embeddable":true,"href":"https:\/\/www.gruen-wald.de\/wordpress\/wp-json\/wp\/v2\/tags?post=29598"}],"curies":[{"name":"wp","href":"https:\/\/api.w.org\/{rel}","templated":true}]}}