{"id":29595,"date":"2014-09-11T00:01:06","date_gmt":"2014-09-10T22:01:06","guid":{"rendered":"http:\/\/blog.coaster.de\/wp\/?p=29595"},"modified":"2014-09-11T00:01:06","modified_gmt":"2014-09-10T22:01:06","slug":"bayerisches-nationalmuseum","status":"publish","type":"post","link":"https:\/\/www.gruen-wald.de\/wordpress\/bildung\/bayerisches-nationalmuseum\/","title":{"rendered":"Bayerisches Nationalmuseum"},"content":{"rendered":"<p>Ich bin ja einer der Menschen, f\u00fcr den &#8222;Museum&#8220; nie nur das Ausstellungsobjekt sondern immer auch den Raum beinhaltet. Werk, Position, Licht und vor allen Dingen Architektur ergeben f\u00fcr mich eine Einheit. Wenn nur das Objekt an sich wirken soll (so wie es in der Regel bei den Museen der bildenden K\u00fcnsten \u00fcblich ist), dann ist es f\u00fcr mich nur eine Ausstellung.<\/p>\n<p>Jahrelang bin ich beim Bayerischen Nationalmuseum vorbeigefahren, das schon von Au\u00dfen eine interessante Architektur hatte. Nie aber war ich drin. Da in M\u00fcnchen am Sonntag bei den meisten Museen ein symbolischer Eintrittspreis von 1 Euro gilt, habe ich mich heute Nachmittag mal aufgemacht. Erstaunlicherweise waren trotz Museumssonntag kaum Leute im Geb\u00e4ude. Ist das Nationalmuseum in M\u00fcnchen einfach nicht so bekannt? Ich finde, es lohnt sich:<\/p>\n<p style=\"text-align: center;\"><iframe loading=\"lazy\" src=\"\/\/www.youtube.com\/embed\/CwI0rii0z4s?rel=0\" frameborder=\"0\" width=\"560\" height=\"420\"><\/iframe><\/p>\n<p>Das tolle an Sammlungen, die \u00fcber einen langen kulturhistorischen Zeitraum reichen, ist ihre Vielfalt. Jeder Raum ist anders, jede Epoche ist anders. Es ist wie eine kleine Zeitreise mit vielen surrealen Eindr\u00fccken, deren Herkunft aus heutiger Sicht kaum mehr zu begreifen ist. Mir gef\u00e4llt das. Auch die Architektur ist klasse. Es macht Spa\u00df durch die alten, kathedralen-\u00e4hnlichen R\u00e4ume zu schlendern. Hin und wieder \u00fcberkommt mich sogar ein &#8222;Shining&#8220;- oder &#8222;Shivers&#8220;-Gef\u00fchl. Fast schon so extrem wie das Germanische Nationalmuseum, in dem ich mal allein unterwegs war (<a href=\"https:\/\/www.youtube.com\/v\/B215zN2FOGU\">Video dazu hier<\/a>).<\/p>\n<p>Das Museum hat sich gute Gedanken gemacht, die Werke spannend in Szene zu setzen und keine Angst mit Raum, Licht und Farben zu haben. Von mir damit eine klare Empfehlung von den M\u00fcnchner Museen und eine willkommene Abwechslung zum \u00fcblichen Pinakotheken- und Deutsches-Museum-Einheitsbrei (nicht abwertend gemeint).<\/p>\n","protected":false},"excerpt":{"rendered":"<p>Ich bin ja einer der Menschen, f\u00fcr den &#8222;Museum&#8220; nie nur das Ausstellungsobjekt sondern immer auch den Raum beinhaltet. Werk,&hellip;<\/p>\n","protected":false},"author":1,"featured_media":0,"comment_status":"open","ping_status":"open","sticky":false,"template":"","format":"standard","meta":{"footnotes":"","_links_to":"","_links_to_target":""},"categories":[3],"tags":[],"class_list":["post-29595","post","type-post","status-publish","format-standard","hentry","category-bildung"],"_links":{"self":[{"href":"https:\/\/www.gruen-wald.de\/wordpress\/wp-json\/wp\/v2\/posts\/29595"}],"collection":[{"href":"https:\/\/www.gruen-wald.de\/wordpress\/wp-json\/wp\/v2\/posts"}],"about":[{"href":"https:\/\/www.gruen-wald.de\/wordpress\/wp-json\/wp\/v2\/types\/post"}],"author":[{"embeddable":true,"href":"https:\/\/www.gruen-wald.de\/wordpress\/wp-json\/wp\/v2\/users\/1"}],"replies":[{"embeddable":true,"href":"https:\/\/www.gruen-wald.de\/wordpress\/wp-json\/wp\/v2\/comments?post=29595"}],"version-history":[{"count":0,"href":"https:\/\/www.gruen-wald.de\/wordpress\/wp-json\/wp\/v2\/posts\/29595\/revisions"}],"wp:attachment":[{"href":"https:\/\/www.gruen-wald.de\/wordpress\/wp-json\/wp\/v2\/media?parent=29595"}],"wp:term":[{"taxonomy":"category","embeddable":true,"href":"https:\/\/www.gruen-wald.de\/wordpress\/wp-json\/wp\/v2\/categories?post=29595"},{"taxonomy":"post_tag","embeddable":true,"href":"https:\/\/www.gruen-wald.de\/wordpress\/wp-json\/wp\/v2\/tags?post=29595"}],"curies":[{"name":"wp","href":"https:\/\/api.w.org\/{rel}","templated":true}]}}