{"id":29591,"date":"2014-09-09T00:01:27","date_gmt":"2014-09-08T22:01:27","guid":{"rendered":"http:\/\/blog.coaster.de\/wp\/?p=29591"},"modified":"2014-09-09T00:01:27","modified_gmt":"2014-09-08T22:01:27","slug":"nsu-staatsterrorismus","status":"publish","type":"post","link":"https:\/\/www.gruen-wald.de\/wordpress\/gesellschaft\/nsu-staatsterrorismus\/","title":{"rendered":"NSU &#038; Staatsterrorismus"},"content":{"rendered":"<p><img loading=\"lazy\" decoding=\"async\" class=\"alignleft\" title=\"DanieleGanser\" src=\"http:\/\/blog.coaster.de\/wp\/wp-content\/uploads\/2013\/05\/danieleganser.jpg\" alt=\"\" width=\"336\" height=\"184\" \/>Staatsterrorismus finde ich ein ungemein wichtiges und spannendes Thema, da er im Prinzip unsere komplette Demokratie untergr\u00e4bt. Dr. Daniele Ganser ist hierbei ein gern geladener Gast, da er u.a. \u00fcber die Geheimarmeen der NATO und Gladio recherchiert und mehrere Arbeiten verfasst hat. Auf seiner Seite verlinkt er auch immer flei\u00dfig Beitr\u00e4ge, f\u00fcr die er schon einmal befragt wurde.<\/p>\n<p>Jetzt neu dazu gekommen und absolut einen Blick wert:<\/p>\n<p><a href=\"http:\/\/www.zdf.de\/ZDFmediathek\/beitrag\/video\/1898310\/Brandstifter-im-Staatsauftrag#\/beitrag\/video\/1898310\/Brandstifter-im-Staatsauftrag\">Brandstifter im Staatsauftrag<\/a>\u00a0[Doku]\u00a0&#8211; nur noch bis zum 10.09. auf der ZDF-Mediathek zu finden.<\/p>\n<p>Darin geht es prim\u00e4r um den NSU-Skandal, der nat\u00fcrlich mehr als zum Himmel stinkt (siehe <a href=\"http:\/\/de.wikipedia.org\/wiki\/NSU-Morde#Verdacht_gegen_Verfassungssch.C3.BCtzer_und_Rolle_der_Verfassungsschutzbeh.C3.B6rden\">Wikipedia<\/a>). Die Vermutung liegt nahe, dass der Leute des Verfassungsschutzes an der Mordserie direkt oder indirekt beteiligt waren. Das ging bis hin zur Vernichtung wichtiger Akten f\u00fcr den Untersuchungsausschuss (<a href=\"http:\/\/de.wikipedia.org\/wiki\/NSU-Morde#Akten-.2C_Datenvernichtung_und_Ermittlungspannen\">Wikipedia<\/a>). Meiner Meinung nach kann man auf diese Aff\u00e4re gar nicht Licht genug werfen.<\/p>\n","protected":false},"excerpt":{"rendered":"<p>Staatsterrorismus finde ich ein ungemein wichtiges und spannendes Thema, da er im Prinzip unsere komplette Demokratie untergr\u00e4bt. Dr. Daniele Ganser&hellip;<\/p>\n","protected":false},"author":1,"featured_media":0,"comment_status":"open","ping_status":"open","sticky":false,"template":"","format":"standard","meta":{"footnotes":"","_links_to":"","_links_to_target":""},"categories":[10],"tags":[],"class_list":["post-29591","post","type-post","status-publish","format-standard","hentry","category-gesellschaft"],"_links":{"self":[{"href":"https:\/\/www.gruen-wald.de\/wordpress\/wp-json\/wp\/v2\/posts\/29591"}],"collection":[{"href":"https:\/\/www.gruen-wald.de\/wordpress\/wp-json\/wp\/v2\/posts"}],"about":[{"href":"https:\/\/www.gruen-wald.de\/wordpress\/wp-json\/wp\/v2\/types\/post"}],"author":[{"embeddable":true,"href":"https:\/\/www.gruen-wald.de\/wordpress\/wp-json\/wp\/v2\/users\/1"}],"replies":[{"embeddable":true,"href":"https:\/\/www.gruen-wald.de\/wordpress\/wp-json\/wp\/v2\/comments?post=29591"}],"version-history":[{"count":0,"href":"https:\/\/www.gruen-wald.de\/wordpress\/wp-json\/wp\/v2\/posts\/29591\/revisions"}],"wp:attachment":[{"href":"https:\/\/www.gruen-wald.de\/wordpress\/wp-json\/wp\/v2\/media?parent=29591"}],"wp:term":[{"taxonomy":"category","embeddable":true,"href":"https:\/\/www.gruen-wald.de\/wordpress\/wp-json\/wp\/v2\/categories?post=29591"},{"taxonomy":"post_tag","embeddable":true,"href":"https:\/\/www.gruen-wald.de\/wordpress\/wp-json\/wp\/v2\/tags?post=29591"}],"curies":[{"name":"wp","href":"https:\/\/api.w.org\/{rel}","templated":true}]}}