{"id":29561,"date":"2014-09-08T00:01:56","date_gmt":"2014-09-07T22:01:56","guid":{"rendered":"http:\/\/blog.coaster.de\/wp\/?p=29561"},"modified":"2014-09-08T00:01:56","modified_gmt":"2014-09-07T22:01:56","slug":"nostalgie-am-montag-23","status":"publish","type":"post","link":"https:\/\/www.gruen-wald.de\/wordpress\/medien\/nostalgie-am-montag-23\/","title":{"rendered":"Nostalgie am Montag"},"content":{"rendered":"<p>Musste vor einiger Zeit wieder an die (in meinen Augen) geniale Radio-Comedysendug <strong>Brot &amp; Spiele<\/strong> denken, die w\u00e4hrend meiner Uni-Zeit noch auf dem Augsburger Lokalsender Radio Fantasy lief. Moderiert wurde sie von Daniel Melcer (Dani), Philipp Kleininger (Fibsi), und Johannes Sassenroth (Sassi), die sp\u00e4ter auch das Talkshow-Format &#8222;<a href=\"http:\/\/de.wikipedia.org\/wiki\/911_%E2%80%93_Deine_Talkshow_bei_Energy\">911<\/a>&#8220; (sic!) auf den Energy-Sendern entwickeln sollten.<\/p>\n<div style=\"text-align: center;\">\n<dl>\n<dt><a href=\"http:\/\/www.fantasy.de\"><img loading=\"lazy\" decoding=\"async\" title=\"Radio Fantasy\" src=\"http:\/\/blog.coaster.de\/wp\/wp-content\/uploads\/2014\/09\/f_logo.gif\" alt=\"Das alte Logo von Radio Fantasy\" width=\"560\" height=\"190\" \/><\/a><\/dt>\n<dd>Das alte Logo von Radio Fantasy \/ (c) Radio Fantasy<\/dd>\n<\/dl>\n<\/div>\n<p>F\u00fcr die damalige Zeit und dem vergleichsweise ja eher kleinen Sender war es ein durchweg gelungenes Format mit einigen wirklichen H\u00f6hepunkten, die ich h\u00e4ufig mit einem Knopf im Ohr in der Uni-Bib oder auf meinem Weg nach Hause genossen habe. Unvergessen war f\u00fcr mich die Aktion, als sie sich bei eBay selbst versteigerten. Idee war: Wer das Comedy-Trio erwirbt, bei dem wird die n\u00e4chste Sendung ausgestrahlt. Am Ende hatte die\u00a0<strong>Rock Antenne<\/strong>\u00a0aus M\u00fcnchen zugeschlagen. Ein Schelm wer b\u00f6ses denkt!<\/p>\n<p>Brot &amp; Spiele hat nat\u00fcrlich gleich gekontert und mit einem Fake-Anruf Rock-Antenne-Gesch\u00e4ftsf\u00fchrer Guy Fr\u00e4nkel auf den Arm genommen. Daniel Melcer gab sich damals als die Bayerische Landesmedienzentrale aus und drohte dem v\u00f6llig verunsicherten Fr\u00e4nkel mit Sendelizenzentzug wegen Aushebelung ihres Sendebereichs und des zugelassenen Musikprofils (Medienstudenten wie ich haben sich entsprechen gekringelt). Melcer kennt sich in der Medienb\u00fcrokratie nat\u00fcrlich aus &#8211; es war einige Jahre Gesch\u00e4ftsf\u00fchrender Gesellschafter\u00a0von Radio Fantasy. Fr\u00e4nkel nahm den Scherz sportlich, immerhin kennen sich die beiden.<\/p>\n<p>Und nat\u00fcrlich gab es dann auch entsprechende legend\u00e4re Sendung bei der Rock Antenne, moderiert vom Fantasy-Trio, die parallel auf Rock Antenne und Radio Fantasy ausgestrahlt wurde. Die Sendung zu replizieren f\u00e4llt schwer, ich sag nur soviel:<\/p>\n<ul>\n<li>Heliumgas.<\/li>\n<li>Zahnarztspritzen.<\/li>\n<li>Und ein &#8222;Rock Antenne&#8220;-H\u00f6rer gegen &#8222;Fantasy&#8220;-H\u00f6rer Call-In-Battle &#8211; bei dem die Radio-Fantasy-H\u00f6rer in den Werbepausen die L\u00f6sungen durchgesagt bekamen. Und wovon die Rock-Antenne-H\u00f6rer nat\u00fcrlich nichts wussten. \ud83d\ude09<\/li>\n<\/ul>\n<p>Ach, sch\u00f6n anarchisch war&#8217;s! Und dass es nicht nur mir gefallen hat, best\u00e4tigt der <a href=\"http:\/\/www.radiojournal.de\/rundfunkpreis\/Gewinner2004\/Gewinner2004.htm\">RadioJOURNAL Rundfunkpreis 2004<\/a>.<\/p>\n<p>Leider ist nicht so viel davon geblieben. <a href=\"http:\/\/de.wikipedia.org\/wiki\/Johannes_Sassenroth\">Sassenroth<\/a>, der noch in meinem Jahrgang Kommunikationswissenschaft an der Uni Augsburg studierte,\u00a0macht weiterhin Radiomoderation. <a href=\"https:\/\/www.xing.com\/profile\/PhilippK_Kleininger\">Philipp Kleininger<\/a> macht Redaktion bei Bayern 3. Und der vor allen Dingen inhaltlich durchaus gesch\u00e4tzte <a href=\"https:\/\/www.youtube.com\/v\/62c_BlsNlII&amp;t=53s\">Daniel Melcer<\/a> ist ins (Politik-)Marketing abgerutscht. Irgendwie schade!<\/p>\n<p>Es ist auch wirklich schwer, noch irgendwelche Aufnahmen aus dieser Zeit zu finden. Auch die Fotogalerie von der Sitzung bei Rock Antenne ist verschwunden. Als einziges habe ich noch eines der Lieder von <a href=\"http:\/\/www.kimschicklang.de\/\">Kim Schicklang<\/a>\u00a0gefunden, das mal spa\u00dfeshalber extra f\u00fcr Brot &amp; Spiele produziert wurde und den Namen &#8222;<strong>Oh! Sama!<\/strong>&#8220; tr\u00e4gt. <a href=\"http:\/\/www.kimschicklang.de\/content\/mp3\/Musik_Comedy_O-Sama.mp3\">Hier<\/a>.<\/p>\n<p>Ah! Nostalgie!<\/p>\n<p><em>(Hat jemand weitere Brot-&amp;-Spiele-Snippets aus der Zeit? Gerne zu mir!)<\/em><\/p>\n","protected":false},"excerpt":{"rendered":"<p>Musste vor einiger Zeit wieder an die (in meinen Augen) geniale Radio-Comedysendug Brot &amp; Spiele denken, die w\u00e4hrend meiner Uni-Zeit&hellip;<\/p>\n","protected":false},"author":1,"featured_media":0,"comment_status":"open","ping_status":"open","sticky":false,"template":"","format":"standard","meta":{"footnotes":"","_links_to":"","_links_to_target":""},"categories":[12],"tags":[],"class_list":["post-29561","post","type-post","status-publish","format-standard","hentry","category-medien"],"_links":{"self":[{"href":"https:\/\/www.gruen-wald.de\/wordpress\/wp-json\/wp\/v2\/posts\/29561"}],"collection":[{"href":"https:\/\/www.gruen-wald.de\/wordpress\/wp-json\/wp\/v2\/posts"}],"about":[{"href":"https:\/\/www.gruen-wald.de\/wordpress\/wp-json\/wp\/v2\/types\/post"}],"author":[{"embeddable":true,"href":"https:\/\/www.gruen-wald.de\/wordpress\/wp-json\/wp\/v2\/users\/1"}],"replies":[{"embeddable":true,"href":"https:\/\/www.gruen-wald.de\/wordpress\/wp-json\/wp\/v2\/comments?post=29561"}],"version-history":[{"count":0,"href":"https:\/\/www.gruen-wald.de\/wordpress\/wp-json\/wp\/v2\/posts\/29561\/revisions"}],"wp:attachment":[{"href":"https:\/\/www.gruen-wald.de\/wordpress\/wp-json\/wp\/v2\/media?parent=29561"}],"wp:term":[{"taxonomy":"category","embeddable":true,"href":"https:\/\/www.gruen-wald.de\/wordpress\/wp-json\/wp\/v2\/categories?post=29561"},{"taxonomy":"post_tag","embeddable":true,"href":"https:\/\/www.gruen-wald.de\/wordpress\/wp-json\/wp\/v2\/tags?post=29561"}],"curies":[{"name":"wp","href":"https:\/\/api.w.org\/{rel}","templated":true}]}}