{"id":29499,"date":"2014-08-28T22:16:02","date_gmt":"2014-08-28T20:16:02","guid":{"rendered":"http:\/\/blog.coaster.de\/wp\/?p=29499"},"modified":"2014-08-28T22:16:02","modified_gmt":"2014-08-28T20:16:02","slug":"hechel-kopf-rechelkopf","status":"publish","type":"post","link":"https:\/\/www.gruen-wald.de\/wordpress\/film-kultur\/hechel-kopf-rechelkopf\/","title":{"rendered":"Hechel, Kopf, Rechelkopf"},"content":{"rendered":"<p>Wer von M\u00fcnchen m\u00f6glichst rasch einen guten Ausblick erklimmen will, kann auf den <a href=\"http:\/\/de.wikipedia.org\/wiki\/Rechelkopf\">Rechelkopf<\/a>\u00a0gehen &#8211; sozusagen der erste gr\u00f6\u00dfere H\u00fcgel vor den Toren der Stadt. In der Regel kann man dabei auf weiten Weisen flanieren und sich von duzenden herumstehenden K\u00fchen, die h\u00e4ufig den ganzen Bergr\u00fccken in Beschlag nehmen, bewundern lassen:<\/p>\n<p style=\"text-align: center;\"><iframe loading=\"lazy\" width=\"560\" height=\"315\" src=\"\/\/www.youtube.com\/embed\/bIumJJ_Zgkk?rel=0\" frameborder=\"0\" allowfullscreen><\/iframe><\/p>\n","protected":false},"excerpt":{"rendered":"<p>Wer von M\u00fcnchen m\u00f6glichst rasch einen guten Ausblick erklimmen will, kann auf den Rechelkopf\u00a0gehen &#8211; sozusagen der erste gr\u00f6\u00dfere H\u00fcgel&hellip;<\/p>\n","protected":false},"author":1,"featured_media":0,"comment_status":"open","ping_status":"open","sticky":false,"template":"","format":"standard","meta":{"footnotes":"","_links_to":"","_links_to_target":""},"categories":[7],"tags":[],"class_list":["post-29499","post","type-post","status-publish","format-standard","hentry","category-film-kultur"],"_links":{"self":[{"href":"https:\/\/www.gruen-wald.de\/wordpress\/wp-json\/wp\/v2\/posts\/29499","targetHints":{"allow":["GET"]}}],"collection":[{"href":"https:\/\/www.gruen-wald.de\/wordpress\/wp-json\/wp\/v2\/posts"}],"about":[{"href":"https:\/\/www.gruen-wald.de\/wordpress\/wp-json\/wp\/v2\/types\/post"}],"author":[{"embeddable":true,"href":"https:\/\/www.gruen-wald.de\/wordpress\/wp-json\/wp\/v2\/users\/1"}],"replies":[{"embeddable":true,"href":"https:\/\/www.gruen-wald.de\/wordpress\/wp-json\/wp\/v2\/comments?post=29499"}],"version-history":[{"count":0,"href":"https:\/\/www.gruen-wald.de\/wordpress\/wp-json\/wp\/v2\/posts\/29499\/revisions"}],"wp:attachment":[{"href":"https:\/\/www.gruen-wald.de\/wordpress\/wp-json\/wp\/v2\/media?parent=29499"}],"wp:term":[{"taxonomy":"category","embeddable":true,"href":"https:\/\/www.gruen-wald.de\/wordpress\/wp-json\/wp\/v2\/categories?post=29499"},{"taxonomy":"post_tag","embeddable":true,"href":"https:\/\/www.gruen-wald.de\/wordpress\/wp-json\/wp\/v2\/tags?post=29499"}],"curies":[{"name":"wp","href":"https:\/\/api.w.org\/{rel}","templated":true}]}}