{"id":29414,"date":"2014-08-12T00:01:04","date_gmt":"2014-08-11T22:01:04","guid":{"rendered":"http:\/\/blog.coaster.de\/wp\/?p=29414"},"modified":"2014-08-12T00:01:04","modified_gmt":"2014-08-11T22:01:04","slug":"jochberg-walchensee","status":"publish","type":"post","link":"https:\/\/www.gruen-wald.de\/wordpress\/film-kultur\/jochberg-walchensee\/","title":{"rendered":"Jochberg &#038; Walchensee"},"content":{"rendered":"<p>Am Sonntag mal die Gunst des vielleicht letzten wirklich hei\u00dfen Sommertages genutzt und bei 30\u00b0 einen Ausflug zum <strong>Walchensee<\/strong> gemacht. Davor noch eine kurze Runde \u00fcber den <strong>Jochberg<\/strong>, nachdem ich praktisch seit Juni nicht mehr bergaktiv war.<\/p>\n<p>Und ich hab&#8217;s gemerkt. Die Runde ist nun wirklich nicht schwer und ich hab trotzdem f\u00fcr die komplette Tour mit Pausen und Schwimmen ganze f\u00fcnf Stunden gebraucht und ganz sch\u00f6n ger\u00f6chelt. Wird Zeit, dass wir den September gut f\u00fcr einen letzten Workout im Wander-Sommer 2014 nutzen (schiel auf Loma, Dani &amp; Co!).<\/p>\n<p style=\"text-align: center;\"><iframe loading=\"lazy\" width=\"560\" height=\"315\" src=\"\/\/www.youtube.com\/embed\/8_Il_KJ7Aj4?rel=0\" frameborder=\"0\" allowfullscreen><\/iframe><\/p>\n","protected":false},"excerpt":{"rendered":"<p>Am Sonntag mal die Gunst des vielleicht letzten wirklich hei\u00dfen Sommertages genutzt und bei 30\u00b0 einen Ausflug zum Walchensee gemacht.&hellip;<\/p>\n","protected":false},"author":1,"featured_media":0,"comment_status":"open","ping_status":"open","sticky":false,"template":"","format":"standard","meta":{"footnotes":"","_links_to":"","_links_to_target":""},"categories":[7],"tags":[],"class_list":["post-29414","post","type-post","status-publish","format-standard","hentry","category-film-kultur"],"_links":{"self":[{"href":"https:\/\/www.gruen-wald.de\/wordpress\/wp-json\/wp\/v2\/posts\/29414","targetHints":{"allow":["GET"]}}],"collection":[{"href":"https:\/\/www.gruen-wald.de\/wordpress\/wp-json\/wp\/v2\/posts"}],"about":[{"href":"https:\/\/www.gruen-wald.de\/wordpress\/wp-json\/wp\/v2\/types\/post"}],"author":[{"embeddable":true,"href":"https:\/\/www.gruen-wald.de\/wordpress\/wp-json\/wp\/v2\/users\/1"}],"replies":[{"embeddable":true,"href":"https:\/\/www.gruen-wald.de\/wordpress\/wp-json\/wp\/v2\/comments?post=29414"}],"version-history":[{"count":0,"href":"https:\/\/www.gruen-wald.de\/wordpress\/wp-json\/wp\/v2\/posts\/29414\/revisions"}],"wp:attachment":[{"href":"https:\/\/www.gruen-wald.de\/wordpress\/wp-json\/wp\/v2\/media?parent=29414"}],"wp:term":[{"taxonomy":"category","embeddable":true,"href":"https:\/\/www.gruen-wald.de\/wordpress\/wp-json\/wp\/v2\/categories?post=29414"},{"taxonomy":"post_tag","embeddable":true,"href":"https:\/\/www.gruen-wald.de\/wordpress\/wp-json\/wp\/v2\/tags?post=29414"}],"curies":[{"name":"wp","href":"https:\/\/api.w.org\/{rel}","templated":true}]}}