{"id":29374,"date":"2014-08-05T00:01:31","date_gmt":"2014-08-04T22:01:31","guid":{"rendered":"http:\/\/blog.coaster.de\/wp\/?p=29374"},"modified":"2014-08-05T00:01:31","modified_gmt":"2014-08-04T22:01:31","slug":"der-banker-master-of-the-universe","status":"publish","type":"post","link":"https:\/\/www.gruen-wald.de\/wordpress\/medien\/der-banker-master-of-the-universe\/","title":{"rendered":"Der Banker &#8211; Master of the Universe"},"content":{"rendered":"<blockquote><p><img loading=\"lazy\" decoding=\"async\" class=\"alignright\" title=\"Foto von 2bgr8 (cc)\" src=\"http:\/\/blog.coaster.de\/wp\/wp-content\/uploads\/320px-Money_Cash.jpg\" alt=\"Foto von 2bgr8 (cc)\" width=\"320\" height=\"213\" \/>Rainer Voss war einer der f\u00fchrenden Investmentbanker in Deutschland. Er machte t\u00e4gliche Gewinne in Millionenh\u00f6he. Jetzt sitzt er in einer verlassenen Bank mitten in Frankfurt und redet zum ersten Mal. \u00d6ffentlich und ungeschminkt gibt er einen Einblick in die Denkweise und Mechanismen eines sonst sorgf\u00e4ltig abgeschotteten Systems.<\/p><\/blockquote>\n<p>Nur noch heute ist der durchaus sehenswerte Dokumentarfilm &#8222;<span style=\"font-size: 1em;\"><strong>Der Banker &#8211; Master of the Universe<\/strong>&#8220; von \u00a0in der Mediathek zu sehen! Auch wenn es sich dabei &#8222;nur&#8220; um ein Gespr\u00e4ch handelt, ist es dennoch durchgehend spannend f\u00fcr jeden, der sich f\u00fcr das europ\u00e4ische (und globale) Finanzwesen interessiert. Noch dazu gibt es einige wirklich tolle Aufnahmen der &#8222;Mainhatten&#8220;-Skyline und gruselige Einblicke in einen verlassenen Banken-Tower.<\/span><\/p>\n<p><a href=\"http:\/\/www.ardmediathek.de\/tv\/Reportage-Dokumentation\/Dokumentarfilm-im-Ersten-Der-Banker-M\/Das-Erste\/Video?documentId=22663206&amp;bcastId=799280\">Hier geht&#8217;s zum Beitrag<\/a>. Empfehlung!<\/p>\n","protected":false},"excerpt":{"rendered":"<p>Rainer Voss war einer der f\u00fchrenden Investmentbanker in Deutschland. Er machte t\u00e4gliche Gewinne in Millionenh\u00f6he. Jetzt sitzt er in einer&hellip;<\/p>\n","protected":false},"author":1,"featured_media":0,"comment_status":"open","ping_status":"open","sticky":false,"template":"","format":"standard","meta":{"footnotes":"","_links_to":"","_links_to_target":""},"categories":[12],"tags":[],"class_list":["post-29374","post","type-post","status-publish","format-standard","hentry","category-medien"],"_links":{"self":[{"href":"https:\/\/www.gruen-wald.de\/wordpress\/wp-json\/wp\/v2\/posts\/29374"}],"collection":[{"href":"https:\/\/www.gruen-wald.de\/wordpress\/wp-json\/wp\/v2\/posts"}],"about":[{"href":"https:\/\/www.gruen-wald.de\/wordpress\/wp-json\/wp\/v2\/types\/post"}],"author":[{"embeddable":true,"href":"https:\/\/www.gruen-wald.de\/wordpress\/wp-json\/wp\/v2\/users\/1"}],"replies":[{"embeddable":true,"href":"https:\/\/www.gruen-wald.de\/wordpress\/wp-json\/wp\/v2\/comments?post=29374"}],"version-history":[{"count":0,"href":"https:\/\/www.gruen-wald.de\/wordpress\/wp-json\/wp\/v2\/posts\/29374\/revisions"}],"wp:attachment":[{"href":"https:\/\/www.gruen-wald.de\/wordpress\/wp-json\/wp\/v2\/media?parent=29374"}],"wp:term":[{"taxonomy":"category","embeddable":true,"href":"https:\/\/www.gruen-wald.de\/wordpress\/wp-json\/wp\/v2\/categories?post=29374"},{"taxonomy":"post_tag","embeddable":true,"href":"https:\/\/www.gruen-wald.de\/wordpress\/wp-json\/wp\/v2\/tags?post=29374"}],"curies":[{"name":"wp","href":"https:\/\/api.w.org\/{rel}","templated":true}]}}