{"id":29364,"date":"2014-08-04T00:01:24","date_gmt":"2014-08-03T22:01:24","guid":{"rendered":"http:\/\/blog.coaster.de\/wp\/?p=29364"},"modified":"2014-08-04T00:01:24","modified_gmt":"2014-08-03T22:01:24","slug":"nostalgie-am-montag-18","status":"publish","type":"post","link":"https:\/\/www.gruen-wald.de\/wordpress\/privates\/nostalgie-am-montag-18\/","title":{"rendered":"Nostalgie am Montag"},"content":{"rendered":"<p>Doch tats\u00e4chlich ein Foto von meinen Ururgro\u00dfeltern im Gr\u00fcnwald-Stammbaum entdeckt. Muss noch aus dem 19. Jahrhundert stammen. Man hat mir erz\u00e4hlt, dass sie wohl recht \u00e4rmlich gelebt haben, aber irgendwie finde ich, dass sie trotzdem sehr r\u00fcstig aussehen&#8230;<\/p>\n<p><a href=\"http:\/\/blog.coaster.de\/wp\/wp-content\/uploads\/2014\/08\/urureltern.jpg\"><img loading=\"lazy\" decoding=\"async\" class=\"aligncenter size-full wp-image-29365\" title=\"urureltern\" src=\"http:\/\/blog.coaster.de\/wp\/wp-content\/uploads\/2014\/08\/urureltern.jpg\" alt=\"\" width=\"400\" height=\"611\" srcset=\"https:\/\/www.gruen-wald.de\/wordpress\/wp-content\/uploads\/2014\/08\/urureltern.jpg 400w, https:\/\/www.gruen-wald.de\/wordpress\/wp-content\/uploads\/2014\/08\/urureltern-196x300.jpg 196w\" sizes=\"auto, (max-width: 400px) 100vw, 400px\" \/><\/a><\/p>\n","protected":false},"excerpt":{"rendered":"<p>Doch tats\u00e4chlich ein Foto von meinen Ururgro\u00dfeltern im Gr\u00fcnwald-Stammbaum entdeckt. Muss noch aus dem 19. Jahrhundert stammen. Man hat mir&hellip;<\/p>\n","protected":false},"author":1,"featured_media":0,"comment_status":"open","ping_status":"open","sticky":false,"template":"","format":"standard","meta":{"footnotes":"","_links_to":"","_links_to_target":""},"categories":[15],"tags":[],"class_list":["post-29364","post","type-post","status-publish","format-standard","hentry","category-privates"],"_links":{"self":[{"href":"https:\/\/www.gruen-wald.de\/wordpress\/wp-json\/wp\/v2\/posts\/29364","targetHints":{"allow":["GET"]}}],"collection":[{"href":"https:\/\/www.gruen-wald.de\/wordpress\/wp-json\/wp\/v2\/posts"}],"about":[{"href":"https:\/\/www.gruen-wald.de\/wordpress\/wp-json\/wp\/v2\/types\/post"}],"author":[{"embeddable":true,"href":"https:\/\/www.gruen-wald.de\/wordpress\/wp-json\/wp\/v2\/users\/1"}],"replies":[{"embeddable":true,"href":"https:\/\/www.gruen-wald.de\/wordpress\/wp-json\/wp\/v2\/comments?post=29364"}],"version-history":[{"count":0,"href":"https:\/\/www.gruen-wald.de\/wordpress\/wp-json\/wp\/v2\/posts\/29364\/revisions"}],"wp:attachment":[{"href":"https:\/\/www.gruen-wald.de\/wordpress\/wp-json\/wp\/v2\/media?parent=29364"}],"wp:term":[{"taxonomy":"category","embeddable":true,"href":"https:\/\/www.gruen-wald.de\/wordpress\/wp-json\/wp\/v2\/categories?post=29364"},{"taxonomy":"post_tag","embeddable":true,"href":"https:\/\/www.gruen-wald.de\/wordpress\/wp-json\/wp\/v2\/tags?post=29364"}],"curies":[{"name":"wp","href":"https:\/\/api.w.org\/{rel}","templated":true}]}}