{"id":29353,"date":"2014-07-31T00:05:31","date_gmt":"2014-07-30T22:05:31","guid":{"rendered":"http:\/\/blog.coaster.de\/wp\/?p=29353"},"modified":"2014-07-31T00:05:31","modified_gmt":"2014-07-30T22:05:31","slug":"das-geschaft-mit-der-musik","status":"publish","type":"post","link":"https:\/\/www.gruen-wald.de\/wordpress\/medien\/das-geschaft-mit-der-musik\/","title":{"rendered":"Das Gesch\u00e4ft mit der Musik"},"content":{"rendered":"<p><img loading=\"lazy\" decoding=\"async\" class=\"alignleft\" title=\"FM4\" src=\"http:\/\/blog.coaster.de\/wp\/wp-content\/uploads\/2012\/07\/c9d68adfb7448e4d2.jpg\" alt=\"\" width=\"96\" height=\"96\" \/>Ein sch\u00f6nes Gespr\u00e4ch \u00fcber das Thema Pop-Kultur und Musik-Agentum zwischen <a href=\"https:\/\/twitter.com\/robertrotifer\">Robert Rotifer<\/a> und <a href=\"https:\/\/twitter.com\/KASeliger\">Berthold Seliger<\/a>\u00a0liefert die aktuelle Heartbeat-Folge. Seliger ist\u00a0Autor des Buchs &#8222;Das Gesch\u00e4ft mit der Musik&#8220;, &#8220; einer Abrechnung mit der \u00dcbernahme des Musikgesch\u00e4fts durch die Konzerne und der Verwandlung von Pop vom potenziell subversiven Medium zur neuen Repr\u00e4sentationskultur&#8220;.<\/p>\n<p>Musikfreunde und Interessierten der Musik-Branche empfehle ich hiermit ein Lauschen. Das Gespr\u00e4ch beginnt so ca. nach dem ersten Drittel der Sendung und ist noch bis kommenden Montag hier abrufbar: <a href=\"http:\/\/fm4.orf.at\/7tage#20140728\/HE\">7 Tage FM4 Podcasts<\/a>.<\/p>\n","protected":false},"excerpt":{"rendered":"<p>Ein sch\u00f6nes Gespr\u00e4ch \u00fcber das Thema Pop-Kultur und Musik-Agentum zwischen Robert Rotifer und Berthold Seliger\u00a0liefert die aktuelle Heartbeat-Folge. Seliger ist\u00a0Autor&hellip;<\/p>\n","protected":false},"author":1,"featured_media":0,"comment_status":"open","ping_status":"open","sticky":false,"template":"","format":"standard","meta":{"footnotes":"","_links_to":"","_links_to_target":""},"categories":[12],"tags":[],"class_list":["post-29353","post","type-post","status-publish","format-standard","hentry","category-medien"],"_links":{"self":[{"href":"https:\/\/www.gruen-wald.de\/wordpress\/wp-json\/wp\/v2\/posts\/29353"}],"collection":[{"href":"https:\/\/www.gruen-wald.de\/wordpress\/wp-json\/wp\/v2\/posts"}],"about":[{"href":"https:\/\/www.gruen-wald.de\/wordpress\/wp-json\/wp\/v2\/types\/post"}],"author":[{"embeddable":true,"href":"https:\/\/www.gruen-wald.de\/wordpress\/wp-json\/wp\/v2\/users\/1"}],"replies":[{"embeddable":true,"href":"https:\/\/www.gruen-wald.de\/wordpress\/wp-json\/wp\/v2\/comments?post=29353"}],"version-history":[{"count":0,"href":"https:\/\/www.gruen-wald.de\/wordpress\/wp-json\/wp\/v2\/posts\/29353\/revisions"}],"wp:attachment":[{"href":"https:\/\/www.gruen-wald.de\/wordpress\/wp-json\/wp\/v2\/media?parent=29353"}],"wp:term":[{"taxonomy":"category","embeddable":true,"href":"https:\/\/www.gruen-wald.de\/wordpress\/wp-json\/wp\/v2\/categories?post=29353"},{"taxonomy":"post_tag","embeddable":true,"href":"https:\/\/www.gruen-wald.de\/wordpress\/wp-json\/wp\/v2\/tags?post=29353"}],"curies":[{"name":"wp","href":"https:\/\/api.w.org\/{rel}","templated":true}]}}