{"id":2930,"date":"2010-04-19T00:27:32","date_gmt":"2010-04-18T22:27:32","guid":{"rendered":"http:\/\/www.coaster.de\/wp\/?p=2930"},"modified":"2010-04-19T00:27:32","modified_gmt":"2010-04-18T22:27:32","slug":"kein-kondensstreifen-am-himmel","status":"publish","type":"post","link":"https:\/\/www.gruen-wald.de\/wordpress\/fotos\/kein-kondensstreifen-am-himmel\/","title":{"rendered":"Kein Kondensstreifen am Himmel&#8230;"},"content":{"rendered":"<p style=\"text-align: left;\">&#8230; daf\u00fcr danken wir einem isl\u00e4ndischen Vulkan. 22,5\u00b0 bei einem Spaziergang durch Oberstdorf in der N\u00e4he von Ludwigsburg. Beim Blick schweifen lassen \u00fcber die Mor\u00e4nenlandschaft rund um die baden-w\u00fcrttembergische Weinstra\u00dfe mit seinen verwinkelten Gassen und Ortschaften und dem Lauschen des Vogelgezwitschers lassen mich erneut zur Einsicht kommen, dass ich ein Dorfkind bin und bleibe.<\/p>\n<p style=\"text-align: center;\">\n<div class=\"pie-gallery alignGalleryLeft\" style=\"text-align: center;\">\n<div class=\"pie-item\" style=\"margin: 10px 10px 10px 10px;\">\n<p class=\"pie-img-wrapper\" style=\"text-align: center;\"><a rel=\"lightbox[2010-3-0-22-23-25]\" href=\"http:\/\/lh3.ggpht.com\/_FsMekEggo6A\/S8tpgF1TY2I\/AAAAAAAAHhc\/PapC7fgzI7U\/s800\/FILE0038.JPG\"><img loading=\"lazy\" decoding=\"async\" class=\"pie-img\" src=\"http:\/\/www.coaster.de\/wp\/wp-content\/uploads\/FILE00386.jpg\" alt=\"FILE0038.JPG\" width=\"160\" height=\"160\" \/><\/a><a rel=\"lightbox[2010-3-0-22-23-25]\" href=\"http:\/\/lh6.ggpht.com\/_FsMekEggo6A\/S8tpkXlZnoI\/AAAAAAAAHhc\/7cGlUV3RbXI\/s800\/FILE0047.JPG\"><img loading=\"lazy\" decoding=\"async\" class=\"pie-img\" src=\"http:\/\/www.coaster.de\/wp\/wp-content\/uploads\/FILE00476.jpg\" alt=\"FILE0047.JPG\" width=\"160\" height=\"160\" \/><\/a><a rel=\"lightbox[2010-3-0-22-23-25]\" href=\"http:\/\/lh3.ggpht.com\/_FsMekEggo6A\/S8tpkzNYRhI\/AAAAAAAAHhc\/Wf8vMKjIB80\/s800\/FILE0048.JPG\"><img loading=\"lazy\" decoding=\"async\" class=\"pie-img\" src=\"http:\/\/www.coaster.de\/wp\/wp-content\/uploads\/FILE00486.jpg\" alt=\"FILE0048.JPG\" width=\"160\" height=\"160\" \/><\/a><a rel=\"lightbox[2010-3-0-22-23-25]\" href=\"http:\/\/lh3.ggpht.com\/_FsMekEggo6A\/S8tpmEh7fSI\/AAAAAAAAHhc\/JDSrOyKBvv0\/s800\/FILE0053.JPG\"><img loading=\"lazy\" decoding=\"async\" class=\"pie-img\" src=\"http:\/\/www.coaster.de\/wp\/wp-content\/uploads\/FILE00536.jpg\" alt=\"FILE0053.JPG\" width=\"160\" height=\"160\" \/><\/a><a rel=\"lightbox[2010-3-0-22-23-25]\" href=\"http:\/\/lh4.ggpht.com\/_FsMekEggo6A\/S8tpiK6YFWI\/AAAAAAAAHhc\/1OzJNBB3Kyw\/s800\/FILE0041.JPG\"><img loading=\"lazy\" decoding=\"async\" class=\"pie-img\" src=\"http:\/\/www.coaster.de\/wp\/wp-content\/uploads\/FILE00416.jpg\" alt=\"FILE0041.JPG\" width=\"160\" height=\"160\" \/><\/a><\/p>\n<\/div>\n<\/div>\n","protected":false},"excerpt":{"rendered":"<p>&#8230; daf\u00fcr danken wir einem isl\u00e4ndischen Vulkan. 22,5\u00b0 bei einem Spaziergang durch Oberstdorf in der N\u00e4he von Ludwigsburg. Beim Blick&hellip;<\/p>\n","protected":false},"author":1,"featured_media":0,"comment_status":"open","ping_status":"open","sticky":false,"template":"","format":"standard","meta":{"footnotes":"","_links_to":"","_links_to_target":""},"categories":[8,15],"tags":[407,3661],"class_list":["post-2930","post","type-post","status-publish","format-standard","hentry","category-fotos","category-privates","tag-baden","tag-oberstdorf"],"_links":{"self":[{"href":"https:\/\/www.gruen-wald.de\/wordpress\/wp-json\/wp\/v2\/posts\/2930","targetHints":{"allow":["GET"]}}],"collection":[{"href":"https:\/\/www.gruen-wald.de\/wordpress\/wp-json\/wp\/v2\/posts"}],"about":[{"href":"https:\/\/www.gruen-wald.de\/wordpress\/wp-json\/wp\/v2\/types\/post"}],"author":[{"embeddable":true,"href":"https:\/\/www.gruen-wald.de\/wordpress\/wp-json\/wp\/v2\/users\/1"}],"replies":[{"embeddable":true,"href":"https:\/\/www.gruen-wald.de\/wordpress\/wp-json\/wp\/v2\/comments?post=2930"}],"version-history":[{"count":0,"href":"https:\/\/www.gruen-wald.de\/wordpress\/wp-json\/wp\/v2\/posts\/2930\/revisions"}],"wp:attachment":[{"href":"https:\/\/www.gruen-wald.de\/wordpress\/wp-json\/wp\/v2\/media?parent=2930"}],"wp:term":[{"taxonomy":"category","embeddable":true,"href":"https:\/\/www.gruen-wald.de\/wordpress\/wp-json\/wp\/v2\/categories?post=2930"},{"taxonomy":"post_tag","embeddable":true,"href":"https:\/\/www.gruen-wald.de\/wordpress\/wp-json\/wp\/v2\/tags?post=2930"}],"curies":[{"name":"wp","href":"https:\/\/api.w.org\/{rel}","templated":true}]}}