{"id":29071,"date":"2014-06-11T14:07:04","date_gmt":"2014-06-11T12:07:04","guid":{"rendered":"http:\/\/blog.coaster.de\/wp\/?p=29071"},"modified":"2014-06-11T14:07:04","modified_gmt":"2014-06-11T12:07:04","slug":"filmfest-planung-erste-ideen","status":"publish","type":"post","link":"https:\/\/www.gruen-wald.de\/wordpress\/film-kultur\/filmfest-planung-erste-ideen\/","title":{"rendered":"Filmfest-Planung | Erste Ideen"},"content":{"rendered":"<p>Filmfestplanung ist doch wirklich nervig. Nat\u00fcrlich kommen die Filme immer dann, wenn man entweder keinen Urlaub mehr hat oder ohnehin grad nicht da ist. \ud83d\ude09<\/p>\n<p>F\u00fcr&#8217;s M\u00fcnchner Filmfest habe ich mir jetzt einfach mal zwei Tage geblockt und schau halt, was da l\u00e4uft (mehr Filme waren eh selten realistisch). Und alles andere, was mich zwar auch brennend interessiert aber eben nicht ins Zeitspektrum passt, schaue ich dann mal und \u00e4rgere mich nicht. Denkbar ist f\u00fcr mich derzeit damit der 02.07. und 04.07. Auf der Liste st\u00fcnden dann:<\/p>\n<p><strong>02.07.<\/strong><\/p>\n<ul>\n<li><a href=\"http:\/\/www.filmfest-muenchen.de\/de\/filmprogramm\/film-abc.aspx?filmId=4256\">Wie der Wind sich hebt<\/a>, der allerletzte Film von\u00a0Hayao Miyazaki. Ich bin ja kein gro\u00dfer Ghibli-Fan, weil mir die Filme irgendwie immer zu glatt waren &#8211; aber als Ruhestands-Ehrung kann ich mir das schon mal vorstellen. Au\u00dferdem mag ich Flug-Animationsfilme.<\/li>\n<\/ul>\n<p><strong>04.07.<\/strong><\/p>\n<ul>\n<li><a href=\"http:\/\/www.filmfest-muenchen.de\/de\/filmprogramm\/film-abc.aspx?filmId=4222\">The\u00a0Zero Theorem<\/a>\u00a0von Terry Gilliam. Weil&#8217;s eben Terry Gilliam ist!!!11<\/li>\n<li><a href=\"http:\/\/www.filmfest-muenchen.de\/de\/filmprogramm\/film-abc.aspx?filmId=4280\">Cold In July<\/a>, ein Film nach dem Drehbuch von\u00a0<a title=\"Joe R. Lansdale\" href=\"http:\/\/en.wikipedia.org\/wiki\/Joe_R._Lansdale\">Joe R. Lansdale<\/a>. Das ist der gleiche, der auch Bubba Ho-Tep geschrieben hat und Bubba Ho-Tep ist, he,-Top! Auch die IMDB Bewertungen sind top &#8211; das k\u00f6nnte einfach wieder ein toller Film werden.<\/li>\n<li><a href=\"http:\/\/www.filmfest-muenchen.de\/de\/filmprogramm\/film-abc.aspx?filmId=4314\">Die\u00a0lange Nacht der Shocking Shorts<\/a>\u00a0&#8211; 150 Minuten lang Horror-Kurzfilm-Parade. Macht eigentlich so als Ausklang immer Spa\u00df &#8211; allerdings muss ich dann irgendwie von der M\u00fcnchner Freiheit (Cold in July) ins City-Kino kommen &#8211; und das rasch. Das k\u00f6nnte knapp werden &#8211; daher Wackelkandidat.<\/li>\n<\/ul>\n<p>Falls ich den Dienstag noch mitnehme, mache ich vielleicht noch die Filmmakers-Sitzung mit\u00a0<a href=\"http:\/\/www.filmfest-muenchen.de\/de\/filmprogramm\/film-abc.aspx?filmId=4358\">Walter Hill<\/a>, den ich sehr mag. Am Montag w\u00fcrde ich mir gerne den\u00a0<a href=\"http:\/\/www.filmfest-muenchen.de\/de\/filmprogramm\/film-abc.aspx?filmId=4113\">CineMerit Award f\u00fcr Udo Kier<\/a>\u00a0anschauen, aber das wird bei mir vermutlich zeitlich zu knapp. Schade!<\/p>\n","protected":false},"excerpt":{"rendered":"<p>Filmfestplanung ist doch wirklich nervig. Nat\u00fcrlich kommen die Filme immer dann, wenn man entweder keinen Urlaub mehr hat oder ohnehin&hellip;<\/p>\n","protected":false},"author":1,"featured_media":0,"comment_status":"open","ping_status":"open","sticky":false,"template":"","format":"standard","meta":{"footnotes":"","_links_to":"","_links_to_target":""},"categories":[7],"tags":[],"class_list":["post-29071","post","type-post","status-publish","format-standard","hentry","category-film-kultur"],"_links":{"self":[{"href":"https:\/\/www.gruen-wald.de\/wordpress\/wp-json\/wp\/v2\/posts\/29071"}],"collection":[{"href":"https:\/\/www.gruen-wald.de\/wordpress\/wp-json\/wp\/v2\/posts"}],"about":[{"href":"https:\/\/www.gruen-wald.de\/wordpress\/wp-json\/wp\/v2\/types\/post"}],"author":[{"embeddable":true,"href":"https:\/\/www.gruen-wald.de\/wordpress\/wp-json\/wp\/v2\/users\/1"}],"replies":[{"embeddable":true,"href":"https:\/\/www.gruen-wald.de\/wordpress\/wp-json\/wp\/v2\/comments?post=29071"}],"version-history":[{"count":0,"href":"https:\/\/www.gruen-wald.de\/wordpress\/wp-json\/wp\/v2\/posts\/29071\/revisions"}],"wp:attachment":[{"href":"https:\/\/www.gruen-wald.de\/wordpress\/wp-json\/wp\/v2\/media?parent=29071"}],"wp:term":[{"taxonomy":"category","embeddable":true,"href":"https:\/\/www.gruen-wald.de\/wordpress\/wp-json\/wp\/v2\/categories?post=29071"},{"taxonomy":"post_tag","embeddable":true,"href":"https:\/\/www.gruen-wald.de\/wordpress\/wp-json\/wp\/v2\/tags?post=29071"}],"curies":[{"name":"wp","href":"https:\/\/api.w.org\/{rel}","templated":true}]}}