{"id":29063,"date":"2014-06-10T15:35:41","date_gmt":"2014-06-10T13:35:41","guid":{"rendered":"http:\/\/blog.coaster.de\/wp\/?p=29063"},"modified":"2014-06-10T15:35:41","modified_gmt":"2014-06-10T13:35:41","slug":"von-mittenwald-zum-isarursprung","status":"publish","type":"post","link":"https:\/\/www.gruen-wald.de\/wordpress\/privates\/von-mittenwald-zum-isarursprung\/","title":{"rendered":"Von Mittenwald zum Isarursprung"},"content":{"rendered":"<p>Gestern haben wir zu sechst bei bestem Kaiserwetter eine kleine Radtour entlang der Isar gemacht &#8211; bis zu den Ursprungsquellen im Hinterautal. Hinter Scharnitz wird&#8217;s ratzfatz sehr einsam. F\u00fcr die letzten 19 Kilometer gibt es praktisch keine Behausung mehr, kein Strom, kaum Handyempfang. Rings herum nur steiles Karwendel-Gebirge. Einzige Ausnahme bietet die Kastenalm, die im Talschlu\u00df k\u00fchle Getr\u00e4nke und eine Brotzeit anbietet. Eine wirklich sch\u00f6ne Tour, die jeder mit einem halbwegs kiesweg-stabilen Fahrrad schaffen kann.<\/p>\n<p>Leider hat meine Action-Cam am Rad auf halber Strecke den Geist aufgegeben (was ich nur auf einen Akkufehler zur\u00fcckf\u00fchren kann, denn am Samstag hatte die noch 3 Stunden am St\u00fcck gehalten), aber ein paar Aufnahmen von der Tour gibt&#8217;s hier dennoch zu sehen:<\/p>\n<p style=\"text-align: center;\"><iframe loading=\"lazy\" width=\"560\" height=\"420\" src=\"\/\/www.youtube.com\/embed\/6zSMlH5Cr4U?rel=0\" frameborder=\"0\" allowfullscreen><\/iframe><\/p>\n","protected":false},"excerpt":{"rendered":"<p>Gestern haben wir zu sechst bei bestem Kaiserwetter eine kleine Radtour entlang der Isar gemacht &#8211; bis zu den Ursprungsquellen&hellip;<\/p>\n","protected":false},"author":1,"featured_media":0,"comment_status":"open","ping_status":"open","sticky":false,"template":"","format":"standard","meta":{"footnotes":"","_links_to":"","_links_to_target":""},"categories":[15],"tags":[],"class_list":["post-29063","post","type-post","status-publish","format-standard","hentry","category-privates"],"_links":{"self":[{"href":"https:\/\/www.gruen-wald.de\/wordpress\/wp-json\/wp\/v2\/posts\/29063","targetHints":{"allow":["GET"]}}],"collection":[{"href":"https:\/\/www.gruen-wald.de\/wordpress\/wp-json\/wp\/v2\/posts"}],"about":[{"href":"https:\/\/www.gruen-wald.de\/wordpress\/wp-json\/wp\/v2\/types\/post"}],"author":[{"embeddable":true,"href":"https:\/\/www.gruen-wald.de\/wordpress\/wp-json\/wp\/v2\/users\/1"}],"replies":[{"embeddable":true,"href":"https:\/\/www.gruen-wald.de\/wordpress\/wp-json\/wp\/v2\/comments?post=29063"}],"version-history":[{"count":0,"href":"https:\/\/www.gruen-wald.de\/wordpress\/wp-json\/wp\/v2\/posts\/29063\/revisions"}],"wp:attachment":[{"href":"https:\/\/www.gruen-wald.de\/wordpress\/wp-json\/wp\/v2\/media?parent=29063"}],"wp:term":[{"taxonomy":"category","embeddable":true,"href":"https:\/\/www.gruen-wald.de\/wordpress\/wp-json\/wp\/v2\/categories?post=29063"},{"taxonomy":"post_tag","embeddable":true,"href":"https:\/\/www.gruen-wald.de\/wordpress\/wp-json\/wp\/v2\/tags?post=29063"}],"curies":[{"name":"wp","href":"https:\/\/api.w.org\/{rel}","templated":true}]}}