{"id":290,"date":"2006-05-24T00:00:00","date_gmt":"2006-05-23T23:00:00","guid":{"rendered":"http:\/\/www.coaster.de\/wp\/?p=290"},"modified":"2006-05-24T00:00:00","modified_gmt":"2006-05-23T23:00:00","slug":"round-1-fight","status":"publish","type":"post","link":"https:\/\/www.gruen-wald.de\/wordpress\/privates\/round-1-fight\/","title":{"rendered":"Round 1 &#8211; Fight!!"},"content":{"rendered":"<p><size=large>Okay, okay!<\/size> Ich geb es zu: Ich wollte diese Website eigentlich bis September halbwegs fertig und funktionabel haben. Gut, es hat nicht ganz geklappt bis dahin. Trotzdem haben einige von Euch mich immer wieder angemailt, wann es denn nun endlich soweit sei. Also switche ich jetzt zu Plan B \u00fcber: <img align=left>\/uploads\/img44ff12d36f667.gif>Ich geb zumindest schon mal die News dieser Seite frei &#8211; damit ihr auch weiterhin immer sch\u00f6n auf dem laufendem bleibt. Ich werde dann so nach und nach diese Seite mit dem Content f\u00fcllen, der hier immer noch sch\u00f6n auf der Festplatte klebt. Langer Rede kurzer Sinn: Ihr habt jetzt hier die einmalige Gelegenheit meiner Website beim wachsen zuzusehen. Das hei\u00dft f\u00fcr Euch: 1. Diese Seite bookmarken (meist mit <b>STRG+D<\/b>)! 2. Jeden Tag vorbeikommen und staunen, was es wieder tolles Neues gibt! Auf eine sch\u00f6ne Zusammenarbeit &#8211; und vergesst bitte die <a href='\/modules\/news\/article.php?storyid=28'>Kommentierungsfunktion<\/a> und meinen <a href='\/modules\/content\/index.php?id=3'>RSS-Feed<\/a> nicht! Yours <i>Basti<\/i> PS: Laut Log habe ich diese Webseite vor genau einem Jahr online gestellt. Ein Jahr sp\u00e4ter der Launch &#8211; nicht schlecht, oder? \ud83d\ude00<\/p>\n","protected":false},"excerpt":{"rendered":"<p>Okay, okay! Ich geb es zu: Ich wollte diese Website eigentlich bis September halbwegs fertig und funktionabel haben. Gut, es&hellip;<\/p>\n","protected":false},"author":1,"featured_media":0,"comment_status":"open","ping_status":"open","sticky":false,"template":"","format":"standard","meta":{"footnotes":"","_links_to":"","_links_to_target":""},"categories":[15],"tags":[2946,3891,4122,4785],"class_list":["post-290","post","type-post","status-publish","format-standard","hentry","category-privates","tag-launch","tag-plan-b","tag-rede","tag-strg"],"_links":{"self":[{"href":"https:\/\/www.gruen-wald.de\/wordpress\/wp-json\/wp\/v2\/posts\/290"}],"collection":[{"href":"https:\/\/www.gruen-wald.de\/wordpress\/wp-json\/wp\/v2\/posts"}],"about":[{"href":"https:\/\/www.gruen-wald.de\/wordpress\/wp-json\/wp\/v2\/types\/post"}],"author":[{"embeddable":true,"href":"https:\/\/www.gruen-wald.de\/wordpress\/wp-json\/wp\/v2\/users\/1"}],"replies":[{"embeddable":true,"href":"https:\/\/www.gruen-wald.de\/wordpress\/wp-json\/wp\/v2\/comments?post=290"}],"version-history":[{"count":0,"href":"https:\/\/www.gruen-wald.de\/wordpress\/wp-json\/wp\/v2\/posts\/290\/revisions"}],"wp:attachment":[{"href":"https:\/\/www.gruen-wald.de\/wordpress\/wp-json\/wp\/v2\/media?parent=290"}],"wp:term":[{"taxonomy":"category","embeddable":true,"href":"https:\/\/www.gruen-wald.de\/wordpress\/wp-json\/wp\/v2\/categories?post=290"},{"taxonomy":"post_tag","embeddable":true,"href":"https:\/\/www.gruen-wald.de\/wordpress\/wp-json\/wp\/v2\/tags?post=290"}],"curies":[{"name":"wp","href":"https:\/\/api.w.org\/{rel}","templated":true}]}}