{"id":2894,"date":"2010-04-14T00:19:43","date_gmt":"2010-04-13T22:19:43","guid":{"rendered":"http:\/\/www.coaster.de\/wp\/?p=2894"},"modified":"2010-04-14T00:19:43","modified_gmt":"2010-04-13T22:19:43","slug":"die-geheimen-armeen-der-nato-in-bild-und-ton","status":"publish","type":"post","link":"https:\/\/www.gruen-wald.de\/wordpress\/bildung\/die-geheimen-armeen-der-nato-in-bild-und-ton\/","title":{"rendered":"NATOs geheime Armeen &#8211; Fallbeispiele"},"content":{"rendered":"<p>Ich hatte mich bereits einmal <a href=\"http:\/\/www.coaster.de\/wp\/?p=2343\">hier<\/a> (und auch schon vorher) zu Daniele Ganser ge\u00e4u\u00dfert, der eine spannende Doktorarbeit \u00fcber die Geheimarmeen der Nato verfasst und das Thema der verdeckten Kriegsf\u00fchrung in den Mittelpunkt der \u00d6ffentlichkeit gestellt hat. Er konnte an Hand einiger F\u00e4lle und neuen Recherchen aufzeigen, dass die Terroranschl\u00e4ge in den 60er und 70er Jahren nicht wie vermutet von Extremisten ver\u00fcbt wurden, sondern in Wahrheit geplante Attentate der eigenen Regierungen unter dem Verbund der NATO waren, um bestimmte politische Ziele oder Stimmungen im eigenen Land zu erreichen.<\/p>\n<p>Das ging soweit, dass es nun sogar eine professionelle Filmdokumentation zu diesem Thema gibt, die unten verlinkt ist und eine direkte F\u00e4lle, z.B. auch den Anschlag auf das M\u00fcncher Oktoberfest, wieder aufgreift. <a href=\"http:\/\/nuoviso.tv\/\">Frank H\u00f6fer<\/a> hat dazu geschrieben<em> &#8222;Diese F\u00e4lle zeigen, dass sich sogenannte &#8222;Verschw\u00f6rungstheorien&#8220; oft Jahrzehnte sp\u00e4ter als richtig erweisen. Was dies \u00fcber die Terroranschl\u00e4ge des letzten Jahrzehnts aussagt, kann sich jeder selber denken.&#8220;<\/em><\/p>\n<p><em> <\/em><\/p>\n<p style=\"text-align: center;\"><a href=\"http:\/\/www.youtube.com\/v\/iQmR7TXt4yU\"><img loading=\"lazy\" decoding=\"async\" class=\"aligncenter size-full wp-image-2896\" title=\"natogeheimarmeen\" src=\"http:\/\/www.coaster.de\/wp\/wp-content\/uploads\/natogeheimarmeen.jpg\" alt=\"\" width=\"504\" height=\"304\" \/><\/a><br \/>\n<a href=\"http:\/\/www.youtube.com\/v\/SdjogFGFtQQ\">Teil 2<\/a> \/ <a href=\"http:\/\/www.youtube.com\/v\/SWnuasuCxto\">Teil 3<\/a> \/ <a href=\"http:\/\/www.youtube.com\/v\/NL6iDJxEjcY&amp;\">Teil 4<\/a> \/ <a href=\"http:\/\/www.youtube.com\/v\/mf6x8TT6L9k\">Teil 5<\/a> \/ <a href=\"http:\/\/www.youtube.com\/v\/TydCwWv1QuQ\">Teil 6<\/a><\/p>\n<p style=\"text-align: center;\">\n<p style=\"text-align: left;\">\n<p style=\"text-align: left;\">F\u00fcr weitere Informationen verweise ich gerne nochmal an diesen \u00f6ffentlichen <a href=\"http:\/\/edvan.fadeout.ch\/ref\/?customerId=30&amp;channelId=43\">Video-Vortrag an der Universit\u00e4t Basel<\/a>.<\/p>\n","protected":false},"excerpt":{"rendered":"<p>Ich hatte mich bereits einmal hier (und auch schon vorher) zu Daniele Ganser ge\u00e4u\u00dfert, der eine spannende Doktorarbeit \u00fcber die&hellip;<\/p>\n","protected":false},"author":1,"featured_media":0,"comment_status":"open","ping_status":"open","sticky":false,"template":"","format":"standard","meta":{"footnotes":"","_links_to":"","_links_to_target":""},"categories":[3,7],"tags":[3496,3678,5176,5275],"class_list":["post-2894","post","type-post","status-publish","format-standard","hentry","category-bildung","category-film-kultur","tag-nato","tag-oktoberfest","tag-universitat-basel","tag-video-vortrag"],"_links":{"self":[{"href":"https:\/\/www.gruen-wald.de\/wordpress\/wp-json\/wp\/v2\/posts\/2894"}],"collection":[{"href":"https:\/\/www.gruen-wald.de\/wordpress\/wp-json\/wp\/v2\/posts"}],"about":[{"href":"https:\/\/www.gruen-wald.de\/wordpress\/wp-json\/wp\/v2\/types\/post"}],"author":[{"embeddable":true,"href":"https:\/\/www.gruen-wald.de\/wordpress\/wp-json\/wp\/v2\/users\/1"}],"replies":[{"embeddable":true,"href":"https:\/\/www.gruen-wald.de\/wordpress\/wp-json\/wp\/v2\/comments?post=2894"}],"version-history":[{"count":0,"href":"https:\/\/www.gruen-wald.de\/wordpress\/wp-json\/wp\/v2\/posts\/2894\/revisions"}],"wp:attachment":[{"href":"https:\/\/www.gruen-wald.de\/wordpress\/wp-json\/wp\/v2\/media?parent=2894"}],"wp:term":[{"taxonomy":"category","embeddable":true,"href":"https:\/\/www.gruen-wald.de\/wordpress\/wp-json\/wp\/v2\/categories?post=2894"},{"taxonomy":"post_tag","embeddable":true,"href":"https:\/\/www.gruen-wald.de\/wordpress\/wp-json\/wp\/v2\/tags?post=2894"}],"curies":[{"name":"wp","href":"https:\/\/api.w.org\/{rel}","templated":true}]}}