{"id":28692,"date":"2014-04-10T17:53:58","date_gmt":"2014-04-10T15:53:58","guid":{"rendered":"http:\/\/blog.coaster.de\/wp\/?p=28692"},"modified":"2014-04-10T17:53:58","modified_gmt":"2014-04-10T15:53:58","slug":"film-noir-abgeschnittene-penisse-und-bremen","status":"publish","type":"post","link":"https:\/\/www.gruen-wald.de\/wordpress\/events\/film-noir-abgeschnittene-penisse-und-bremen\/","title":{"rendered":"Film Noir, abgeschnittene Penisse und Bremen"},"content":{"rendered":"<p>Christian Ke\u00dfler ist zur\u00fcck! Nach der legend\u00e4ren <a href=\"http:\/\/blog.coaster.de\/wp\/?p=13211\">Pornographienacht <\/a>&#8222;Die l\u00e4ufige Leinwand&#8220; kommt das B\u00fcndel an filmjournalistischer Brillanz f\u00fcr eine Lesung zur\u00fcck nach M\u00fcnchen ins Werkstattkino!<\/p>\n<p>Gerne mache ich hiermit auf die meist frivolen Ke\u00dfler-Abende aufmerksam, deren Ende h\u00e4ufig nicht vorherzusehen ist.<\/p>\n<p>Nach Pornos geht es diesmal um&#8230; Bremen! Und ich finde, dass dieser Schritt gar nicht allzu weit ist. Ke\u00dfler stellt n\u00e4mlich diesmal seinen ersten Roman vor &#8211; einen Bremen-Krimi vor. Er wird die Lesung gleichzeitig durch zahlreiche Filmausschnitte begleiten, die vornehmlich seltenen Noir-Krachern entstammen und den Zuschauern einen Einblick geben sollen in die Entwicklung des dunklen Krimis, mit gebrochenen Helden und sch\u00e4bigen Schurken.<\/p>\n<p>&#8222;An der Seite von Kommissar Ernst werden Heroen wie Sam Spade oder Mike Hammer darum k\u00e4mpfen, da\u00df nicht nur Bremen wieder eine Chance hat, sondern die ganze Welt. Die Veranstaltung wird mindestens 2 Stunden dauern. Es ist der feste Vorsatz der Veranstalter, da\u00df die Welt f\u00fcr die Zuschauer danach nicht mehr dieselbe sein wird. Freibier f\u00fcr den Autoren ist kein Scheidungsgrund.&#8220; &#8211; Klappentext des Newsletters.<\/p>\n<div class=\"pie-item\" style=\"margin: 10px 10px 10px 10px;\" align=\"center\">\n<p class=\"pie-img-wrapper\"><a href=\"http:\/\/lh3.ggpht.com\/_FsMekEggo6A\/TYaVUhdmHYI\/AAAAAAAAKcU\/8A_SSXn8SwY\/P1030441.jpg?imgmax=800\" rel=\"lightbox[2011-2-1-1-12-33]\"><img loading=\"lazy\" decoding=\"async\" class=\"pie-img\" src=\"http:\/\/blog.coaster.de\/wp\/wp-content\/uploads\/P103044111.jpg\" alt=\"P1030441.jpg\" width=\"160\" height=\"160\" \/><\/a><a href=\"http:\/\/lh6.ggpht.com\/_FsMekEggo6A\/TYaVYaCakJI\/AAAAAAAAKco\/uOFLFfGs_Mo\/P1030447.jpg?imgmax=800\" rel=\"lightbox[2011-2-1-1-12-33]\"><img loading=\"lazy\" decoding=\"async\" class=\"pie-img\" src=\"http:\/\/blog.coaster.de\/wp\/wp-content\/uploads\/P103044711.jpg\" alt=\"P1030447.jpg\" width=\"160\" height=\"160\" \/><\/a><a href=\"http:\/\/lh4.ggpht.com\/_FsMekEggo6A\/TYaVhrWT-kI\/AAAAAAAAKc4\/T4bATafpdk4\/P1030457.jpg?imgmax=800\" rel=\"lightbox[2011-2-1-1-12-33]\"><img loading=\"lazy\" decoding=\"async\" class=\"pie-img\" src=\"http:\/\/blog.coaster.de\/wp\/wp-content\/uploads\/P103045711.jpg\" alt=\"P1030457.jpg\" width=\"160\" height=\"160\" \/><\/a><\/p>\n<p>Join up, share, invite! Es ist im Werkstattkino &#8211; es kann nur toll werden!<\/p>\n<p style=\"text-align: center;\">(der Faulheit halber habe ich diesmal &#8222;nur&#8220; ein <a href=\"https:\/\/www.facebook.com\/events\/825381250823475\/?ref=3&amp;ref_newsfeed_story_type=regular\">Facebook-Event<\/a> erstellt &#8211; alle, die es nicht sehen k\u00f6nnen, sei hiermit einfach nur der Termin gesagt: Sonntag, 27. April um 20:30, im\u00a0<a href=\"https:\/\/www.facebook.com\/pages\/Werkstattkino\/172718789411542\" data-hovercard=\"\/ajax\/hovercard\/page.php?id=172718789411542\">Werkstattkino<\/a>)<\/p>\n<\/div>\n","protected":false},"excerpt":{"rendered":"<p>Christian Ke\u00dfler ist zur\u00fcck! Nach der legend\u00e4ren Pornographienacht &#8222;Die l\u00e4ufige Leinwand&#8220; kommt das B\u00fcndel an filmjournalistischer Brillanz f\u00fcr eine Lesung&hellip;<\/p>\n","protected":false},"author":1,"featured_media":0,"comment_status":"open","ping_status":"open","sticky":false,"template":"","format":"standard","meta":{"footnotes":"","_links_to":"","_links_to_target":""},"categories":[6],"tags":[],"class_list":["post-28692","post","type-post","status-publish","format-standard","hentry","category-events"],"_links":{"self":[{"href":"https:\/\/www.gruen-wald.de\/wordpress\/wp-json\/wp\/v2\/posts\/28692","targetHints":{"allow":["GET"]}}],"collection":[{"href":"https:\/\/www.gruen-wald.de\/wordpress\/wp-json\/wp\/v2\/posts"}],"about":[{"href":"https:\/\/www.gruen-wald.de\/wordpress\/wp-json\/wp\/v2\/types\/post"}],"author":[{"embeddable":true,"href":"https:\/\/www.gruen-wald.de\/wordpress\/wp-json\/wp\/v2\/users\/1"}],"replies":[{"embeddable":true,"href":"https:\/\/www.gruen-wald.de\/wordpress\/wp-json\/wp\/v2\/comments?post=28692"}],"version-history":[{"count":0,"href":"https:\/\/www.gruen-wald.de\/wordpress\/wp-json\/wp\/v2\/posts\/28692\/revisions"}],"wp:attachment":[{"href":"https:\/\/www.gruen-wald.de\/wordpress\/wp-json\/wp\/v2\/media?parent=28692"}],"wp:term":[{"taxonomy":"category","embeddable":true,"href":"https:\/\/www.gruen-wald.de\/wordpress\/wp-json\/wp\/v2\/categories?post=28692"},{"taxonomy":"post_tag","embeddable":true,"href":"https:\/\/www.gruen-wald.de\/wordpress\/wp-json\/wp\/v2\/tags?post=28692"}],"curies":[{"name":"wp","href":"https:\/\/api.w.org\/{rel}","templated":true}]}}