{"id":28673,"date":"2014-04-21T00:01:14","date_gmt":"2014-04-20T22:01:14","guid":{"rendered":"http:\/\/blog.coaster.de\/wp\/?p=28673"},"modified":"2014-04-21T00:01:14","modified_gmt":"2014-04-20T22:01:14","slug":"nostalgie-am-montag-5","status":"publish","type":"post","link":"https:\/\/www.gruen-wald.de\/wordpress\/privates\/nostalgie-am-montag-5\/","title":{"rendered":"Nostalgie am Montag!"},"content":{"rendered":"<p>Es begab sich zu meiner Schulzeit, dass alle Abg\u00e4nger angehalten waren, vor dem Abitur einen sogenannten &#8222;Kleinkunstabend&#8220; abzuhalten. Neben dem Abitur ist das f\u00fcr viele nat\u00fcrlich gleich eine Doppelbelastung, denn es wird viel ge\u00fcbt, gesungen, getanzt, getextet &#8211; und jeder soll nat\u00fcrlich seinen Teil zur gro\u00dfen Show beitragen.<\/p>\n<p><a href=\"http:\/\/blog.coaster.de\/wp\/wp-content\/uploads\/2014\/04\/AbiturKKA.gif\"><img loading=\"lazy\" decoding=\"async\" class=\"aligncenter\" title=\"AbiturKKA\" src=\"http:\/\/blog.coaster.de\/wp\/wp-content\/uploads\/2014\/04\/AbiturKKA.gif\" alt=\"\" width=\"560\" height=\"130\" \/><\/a><\/p>\n<p>Im Prinzip bin ich ne faule Sau. Meine Aufgabe beschr\u00e4nkte sich eigentlich auf das mehr schlecht als rechte Zusammenst\u00f6pseln einer &#8222;Wer-wird-Million\u00e4r&#8220;-Software f\u00fcr eine (unvergessene) Lehrerausgabe auf der B\u00fchne und ein bischen B\u00fchnen-Tech. Da aber trotzdem jeder angehalten war, zumindest einmal da oben zu stehen und ich sicherlich nichts einstudieren wollte, habe ich mich einfach auf das berufen, was ich dann meistens mache: Stegreif-Erz\u00e4hlungen aus meinem Gerhard-Polt-Reportoire (wie gesagt: ich kann furchtbar faul sein). Also ging ich irgendwann runter, griff auf ein Tuch als Kost\u00fcm zur\u00fcck und faselte als altes Weib was von der Sinnlosigkeit des Abiturs.<\/p>\n<p>Dass ich am Ende tats\u00e4chlich den Satz fallen lie\u00df &#8222;Den Hitler ham&#8217;s ja auch aus jeder Schul&#8216; raus&#8217;gschmissen und er hat trotzdem seinen Weg gemacht! Man sieht also: Es gibt auch noch M\u00f6glichkeiten ohne Abitur!&#8220; hat bei der Marter Oberin und den Lehrkr\u00e4ften danach eine hitzige Debatte ausgel\u00f6st. Ich hab mir das als Vogelfreier nat\u00fcrlich gleich zum Anlass genommen, die umstrittene Stelle auch bei der Wiederholung am n\u00e4chsten Tag nochmal zu bringen. Und weil ihr es seid, habe ich die Stelle f\u00fcr euch sogar nochmal entdeckt. Klicken und Altweiber-Imitations-Stimme-H\u00f6ren auf eigene Gefahr&#8230; \ud83d\ude09<\/p>\n<p style=\"text-align: center;\"><iframe loading=\"lazy\" src=\"\/\/www.youtube.com\/embed\/aHRcvJIKy7E?rel=0\" frameborder=\"0\" width=\"560\" height=\"315\"><\/iframe><\/p>\n","protected":false},"excerpt":{"rendered":"<p>Es begab sich zu meiner Schulzeit, dass alle Abg\u00e4nger angehalten waren, vor dem Abitur einen sogenannten &#8222;Kleinkunstabend&#8220; abzuhalten. Neben dem&hellip;<\/p>\n","protected":false},"author":1,"featured_media":0,"comment_status":"open","ping_status":"open","sticky":false,"template":"","format":"standard","meta":{"footnotes":"","_links_to":"","_links_to_target":""},"categories":[15],"tags":[],"class_list":["post-28673","post","type-post","status-publish","format-standard","hentry","category-privates"],"_links":{"self":[{"href":"https:\/\/www.gruen-wald.de\/wordpress\/wp-json\/wp\/v2\/posts\/28673","targetHints":{"allow":["GET"]}}],"collection":[{"href":"https:\/\/www.gruen-wald.de\/wordpress\/wp-json\/wp\/v2\/posts"}],"about":[{"href":"https:\/\/www.gruen-wald.de\/wordpress\/wp-json\/wp\/v2\/types\/post"}],"author":[{"embeddable":true,"href":"https:\/\/www.gruen-wald.de\/wordpress\/wp-json\/wp\/v2\/users\/1"}],"replies":[{"embeddable":true,"href":"https:\/\/www.gruen-wald.de\/wordpress\/wp-json\/wp\/v2\/comments?post=28673"}],"version-history":[{"count":0,"href":"https:\/\/www.gruen-wald.de\/wordpress\/wp-json\/wp\/v2\/posts\/28673\/revisions"}],"wp:attachment":[{"href":"https:\/\/www.gruen-wald.de\/wordpress\/wp-json\/wp\/v2\/media?parent=28673"}],"wp:term":[{"taxonomy":"category","embeddable":true,"href":"https:\/\/www.gruen-wald.de\/wordpress\/wp-json\/wp\/v2\/categories?post=28673"},{"taxonomy":"post_tag","embeddable":true,"href":"https:\/\/www.gruen-wald.de\/wordpress\/wp-json\/wp\/v2\/tags?post=28673"}],"curies":[{"name":"wp","href":"https:\/\/api.w.org\/{rel}","templated":true}]}}