{"id":284,"date":"2006-05-18T00:00:00","date_gmt":"2006-05-17T23:00:00","guid":{"rendered":"http:\/\/www.coaster.de\/wp\/?p=284"},"modified":"2006-05-18T00:00:00","modified_gmt":"2006-05-17T23:00:00","slug":"blucom-kriegt-eigenen-kanal","status":"publish","type":"post","link":"https:\/\/www.gruen-wald.de\/wordpress\/bildung\/blucom-kriegt-eigenen-kanal\/","title":{"rendered":"BluCom kriegt eigenen Kanal"},"content":{"rendered":"<p>Im letzten Wintersemester ist die Kommunikationswissenschaft der Uni Augsburg unter der Leitung von Ralf P. M\u00fcller eine Kooperation mit Astra\/APS eingegangen. Themenschwerpunkt war haupts\u00e4chlich die Applikation BluCom. F\u00fcr alle Teilnehmer ist vielleicht diese Meldung nicht uninteressant: <i>SES Astra startet Blucom-Demokanal Der Satellitenbetreiber SES Astra will einen Demokanal f\u00fcr seinen interaktiven Dienst Blucom interactive starten. In dem Kanal soll demonstriert werden, welche Anwendungen k\u00fcnftig \u00fcber Blucom m\u00f6glich sind. Blucom soll einer der elementaren Bestandteile der umstrittenen Digitalplattform Dolphin werden. Das SES-Demo-Programm soll auf 12.246 GHz vertikal (SR 27.500, FEC 3\/4) ausgestrahlt werden.<\/i> Quelle: SatelliLine<\/p>\n","protected":false},"excerpt":{"rendered":"<p>Im letzten Wintersemester ist die Kommunikationswissenschaft der Uni Augsburg unter der Leitung von Ralf P. M\u00fcller eine Kooperation mit Astra\/APS&hellip;<\/p>\n","protected":false},"author":1,"featured_media":0,"comment_status":"open","ping_status":"open","sticky":false,"template":"","format":"standard","meta":{"footnotes":"","_links_to":"","_links_to_target":""},"categories":[3],"tags":[280,1297,4503,5167],"class_list":["post-284","post","type-post","status-publish","format-standard","hentry","category-bildung","tag-aps","tag-dolphin","tag-ses-astra","tag-uni-augsburg"],"_links":{"self":[{"href":"https:\/\/www.gruen-wald.de\/wordpress\/wp-json\/wp\/v2\/posts\/284","targetHints":{"allow":["GET"]}}],"collection":[{"href":"https:\/\/www.gruen-wald.de\/wordpress\/wp-json\/wp\/v2\/posts"}],"about":[{"href":"https:\/\/www.gruen-wald.de\/wordpress\/wp-json\/wp\/v2\/types\/post"}],"author":[{"embeddable":true,"href":"https:\/\/www.gruen-wald.de\/wordpress\/wp-json\/wp\/v2\/users\/1"}],"replies":[{"embeddable":true,"href":"https:\/\/www.gruen-wald.de\/wordpress\/wp-json\/wp\/v2\/comments?post=284"}],"version-history":[{"count":0,"href":"https:\/\/www.gruen-wald.de\/wordpress\/wp-json\/wp\/v2\/posts\/284\/revisions"}],"wp:attachment":[{"href":"https:\/\/www.gruen-wald.de\/wordpress\/wp-json\/wp\/v2\/media?parent=284"}],"wp:term":[{"taxonomy":"category","embeddable":true,"href":"https:\/\/www.gruen-wald.de\/wordpress\/wp-json\/wp\/v2\/categories?post=284"},{"taxonomy":"post_tag","embeddable":true,"href":"https:\/\/www.gruen-wald.de\/wordpress\/wp-json\/wp\/v2\/tags?post=284"}],"curies":[{"name":"wp","href":"https:\/\/api.w.org\/{rel}","templated":true}]}}