{"id":2824,"date":"2010-04-08T00:13:25","date_gmt":"2010-04-07T22:13:25","guid":{"rendered":"http:\/\/www.coaster.de\/wp\/?p=2824"},"modified":"2010-04-08T00:13:25","modified_gmt":"2010-04-07T22:13:25","slug":"kath-net-gegen-titanic","status":"publish","type":"post","link":"https:\/\/www.gruen-wald.de\/wordpress\/medien\/kath-net-gegen-titanic\/","title":{"rendered":"kath.net gegen Titanic"},"content":{"rendered":"<p><em>&#8222;Das umstrittene Magazin griff in der j\u00fcngsten Ausgabe auf geschmacklose Weise den Missbrauchsskandal in der katholischen Kirche auf &#8211; Deutscher Presserat befasst sich im Mai mit den Beschwerden.<\/p>\n<p>Berlin (kath.net\/idea\/red)<br \/>\nF\u00fcr Proteste unter Christen sorgt nach wie vor das Magazins \u201eTitanic\u201c (Frankfurt am Main). Die Zeichnung greift den Missbrauchsskandal in der katholischen Kirche auf und zeigt von hinten einen Priester, dessen Gesicht sich dem Genitalbereich des gekreuzigten Jesus zuwendet.<\/p>\n<p>Das Magazin spielt damit auf geschmacklose Weise auf den Missbrauchsskandal in kirchlichen Einrichtungen an. Der Staatsanwaltschaft in Frankfurt am Main lagen mit Stand vom letzten Freitag mindestens zwei Anzeigen gegen die verantwortlichen Redakteure f\u00fcr das Titelbild und die Herausgeber vor. Ihnen wird die Beschimpfung einer Religionsgemeinschaft (Paragraph 166 StGB) vorgeworfen. Beim Deutschen Presserat (Berlin) sind bisher mehrere Beschwerden eingegangen, best\u00e4tigte ein Sprecher am 1. April gegen\u00fcber idea. Die Beschwerdef\u00fchrer bezeichneten die Darstellung als gottesl\u00e4sterlich und f\u00fchlen sich in ihren religi\u00f6sen Gef\u00fchlen verletzt. Der Beschwerdeausschuss wird sich voraussichtlich Ende Mai damit befassen.&#8220;<\/em><\/p>\n<p><a href=\"http:\/\/www.kath.net\/detail.php?id=26269\">Quelle<\/a><\/p>\n<p>Das wird bestimmt noch ein spannender Fall.<\/p>\n","protected":false},"excerpt":{"rendered":"<p>&#8222;Das umstrittene Magazin griff in der j\u00fcngsten Ausgabe auf geschmacklose Weise den Missbrauchsskandal in der katholischen Kirche auf &#8211; Deutscher&hellip;<\/p>\n","protected":false},"author":1,"featured_media":0,"comment_status":"open","ping_status":"open","sticky":false,"template":"","format":"standard","meta":{"footnotes":"","_links_to":"","_links_to_target":""},"categories":[12],"tags":[17,860,2914,2985,3099,4030,4695,4716,4762],"class_list":["post-2824","post","type-post","status-publish","format-standard","hentry","category-medien","tag-1-april","tag-christen","tag-lagen","tag-letzten-freitag","tag-magazins","tag-proteste","tag-sprecher","tag-staatsanwaltschaft","tag-stgb"],"_links":{"self":[{"href":"https:\/\/www.gruen-wald.de\/wordpress\/wp-json\/wp\/v2\/posts\/2824","targetHints":{"allow":["GET"]}}],"collection":[{"href":"https:\/\/www.gruen-wald.de\/wordpress\/wp-json\/wp\/v2\/posts"}],"about":[{"href":"https:\/\/www.gruen-wald.de\/wordpress\/wp-json\/wp\/v2\/types\/post"}],"author":[{"embeddable":true,"href":"https:\/\/www.gruen-wald.de\/wordpress\/wp-json\/wp\/v2\/users\/1"}],"replies":[{"embeddable":true,"href":"https:\/\/www.gruen-wald.de\/wordpress\/wp-json\/wp\/v2\/comments?post=2824"}],"version-history":[{"count":0,"href":"https:\/\/www.gruen-wald.de\/wordpress\/wp-json\/wp\/v2\/posts\/2824\/revisions"}],"wp:attachment":[{"href":"https:\/\/www.gruen-wald.de\/wordpress\/wp-json\/wp\/v2\/media?parent=2824"}],"wp:term":[{"taxonomy":"category","embeddable":true,"href":"https:\/\/www.gruen-wald.de\/wordpress\/wp-json\/wp\/v2\/categories?post=2824"},{"taxonomy":"post_tag","embeddable":true,"href":"https:\/\/www.gruen-wald.de\/wordpress\/wp-json\/wp\/v2\/tags?post=2824"}],"curies":[{"name":"wp","href":"https:\/\/api.w.org\/{rel}","templated":true}]}}