{"id":28196,"date":"2014-02-26T00:01:20","date_gmt":"2014-02-25T23:01:20","guid":{"rendered":"http:\/\/blog.coaster.de\/wp\/?p=28196"},"modified":"2014-02-26T00:01:20","modified_gmt":"2014-02-25T23:01:20","slug":"volksbildung-in-zeiten-der-dummheit","status":"publish","type":"post","link":"https:\/\/www.gruen-wald.de\/wordpress\/film-kultur\/volksbildung-in-zeiten-der-dummheit\/","title":{"rendered":"Volksbildung in Zeiten der Dummheit"},"content":{"rendered":"<p>Wer schon l\u00e4nger meinen Blog liest, wei\u00df:\u00a0Ich bin ein gro\u00dfer Freund von <a href=\"https:\/\/de.wikipedia.org\/wiki\/Ulrich_Bassenge\">Ulrich Bassenge<\/a>, in Filmkreisen auch bekannt als der &#8222;Jugendverderber&#8220;. Die sogenannten Jugendverderber-N\u00e4chte waren h\u00e4ufig legend\u00e4r &#8211; manchmal weniger wegen der Filme als vielmehr wegen der hoch unterhaltsamen Einf\u00fchrungen, die schnell ein famili\u00e4res Gef\u00fchl im Werkstattkino aufkommen liesen. Tats\u00e4chlich war ich sehr sp\u00e4t dran und habe glaube ich erst ab der 18. Nacht mitgeguckt (damals hab ich mich glaub ich neben Jojo und Tom durch die <a href=\"http:\/\/www.youtube.com\/v\/1QWk0ZfdFfw\">ILSA-Filme<\/a> gek\u00e4mpft und die Studentinnen beobachtet, die so der Reihe nach das Kino verlassen haben).<\/p>\n<p>Tats\u00e4chlich hab ich wirklich einige der nachhaltigsten Filmerlebnisse dort verbracht. Ich \u00fcberlebte z.B. die Dudel-Musik von <a href=\"https:\/\/www.youtube.com\/v\/arWEQtZUpEs\">White Slaves of Chinatown<\/a> und erbat mir eine nachtr\u00e4gliche E-Mail-Therapie nach <a href=\"https:\/\/www.youtube.com\/v\/9QYT5woM_sU\">Sweet Movie<\/a>. Leider macht der Jugendverderber derzeit keine N\u00e4chte mehr (meine Hoffnung auf ein Revival ist aber noch nicht erloschen), daf\u00fcr fertigt er derzeit vers\u00e4rkt Produkte eines anderen Faibles von mir &#8211; n\u00e4mlich H\u00f6rspiele, auf die ich im Zuge dieses Posts gerne auch nochmal hinweise. Seine Exploitation-Hommage Walk of Fame inkl. Kommentar von J\u00f6rg Buttgereit und Thilo Gosejohann&#8230; ach, muss ich eigentlich noch mehr sagen? \ud83d\ude09 Im Sommer, so hat man mir gefl\u00fcstert, folgt ein Werwolf-H\u00f6rspiel. Auf dem mir zu-geleaktem Script erscheinen in kurzer Folge die Wortfetzen &#8222;Gottliebin&#8220;, &#8222;Zigeunerm\u00e4gdelein&#8220;, &#8222;What the fuck&#8220; und &#8222;Terzerol&#8220;. Passt, oder?<\/p>\n<p>Bassenge macht aber auch Musik. So unter anderem heute im <a href=\"http:\/\/www.milla-club.de\/\">Milla Club<\/a>. Da tritt er im sogenannten GmELCH-Test auf. Titelgebend ist Musiker Leo Gmelch. Das Prinzip: Musikalische Improvisation nach einem vorgegebenen Motiv. Dieses Mal soll der Jugendverderber ran, und -wie er selbst sagt- &#8222;eine Trashperle aussuchen&#8220;, die dann vom Ensemble verklangbildlicht wird. In der Schauburg war der GmELCH-Test damals Kult. Ich selbst war aber noch nie da und wei\u00df somit auch nicht ganz, was mich erwartet. Wenn die Jam-Session musikalisch nur halb so unterhaltsam wird wie eine Jugendverderber-Nacht f\u00fcr einen Film-Fan, dann wird das glaub ich aber ein sch\u00f6n-chilliger, grooviger Jazz-Abend mit positiver Stimmung.<\/p>\n<p>Ich bin da, und freue mich, wenn noch jemand die Chance ergreift und mitkommt. Einlass 20:30 Uhr im Milla (<a href=\"http:\/\/goo.gl\/maps\/U8HJB\">hier<\/a>). Facebook-Event bei Bedarf <a href=\"https:\/\/www.facebook.com\/events\/227146324155885\/\">hier<\/a>. Und ich \u00fcberlege, ob ich, nur der Nostalgie wegen, auch mein Jugendverderber(tm)-Schildchen mitnehme, das ich ja leider nicht mehr als Fan-Utensil nutzen konnte:<\/p>\n<p><a href=\"http:\/\/blog.coaster.de\/wp\/wp-content\/uploads\/2014\/02\/volksbildung.jpg\"><img loading=\"lazy\" decoding=\"async\" class=\"aligncenter size-full wp-image-28197\" title=\"volksbildung\" src=\"http:\/\/blog.coaster.de\/wp\/wp-content\/uploads\/2014\/02\/volksbildung.jpg\" alt=\"\" width=\"560\" height=\"390\" srcset=\"https:\/\/www.gruen-wald.de\/wordpress\/wp-content\/uploads\/2014\/02\/volksbildung.jpg 560w, https:\/\/www.gruen-wald.de\/wordpress\/wp-content\/uploads\/2014\/02\/volksbildung-300x209.jpg 300w\" sizes=\"auto, (max-width: 560px) 100vw, 560px\" \/><\/a><\/p>\n","protected":false},"excerpt":{"rendered":"<p>Wer schon l\u00e4nger meinen Blog liest, wei\u00df:\u00a0Ich bin ein gro\u00dfer Freund von Ulrich Bassenge, in Filmkreisen auch bekannt als der&hellip;<\/p>\n","protected":false},"author":1,"featured_media":0,"comment_status":"open","ping_status":"open","sticky":false,"template":"","format":"standard","meta":{"footnotes":"","_links_to":"","_links_to_target":""},"categories":[7],"tags":[],"class_list":["post-28196","post","type-post","status-publish","format-standard","hentry","category-film-kultur"],"_links":{"self":[{"href":"https:\/\/www.gruen-wald.de\/wordpress\/wp-json\/wp\/v2\/posts\/28196","targetHints":{"allow":["GET"]}}],"collection":[{"href":"https:\/\/www.gruen-wald.de\/wordpress\/wp-json\/wp\/v2\/posts"}],"about":[{"href":"https:\/\/www.gruen-wald.de\/wordpress\/wp-json\/wp\/v2\/types\/post"}],"author":[{"embeddable":true,"href":"https:\/\/www.gruen-wald.de\/wordpress\/wp-json\/wp\/v2\/users\/1"}],"replies":[{"embeddable":true,"href":"https:\/\/www.gruen-wald.de\/wordpress\/wp-json\/wp\/v2\/comments?post=28196"}],"version-history":[{"count":0,"href":"https:\/\/www.gruen-wald.de\/wordpress\/wp-json\/wp\/v2\/posts\/28196\/revisions"}],"wp:attachment":[{"href":"https:\/\/www.gruen-wald.de\/wordpress\/wp-json\/wp\/v2\/media?parent=28196"}],"wp:term":[{"taxonomy":"category","embeddable":true,"href":"https:\/\/www.gruen-wald.de\/wordpress\/wp-json\/wp\/v2\/categories?post=28196"},{"taxonomy":"post_tag","embeddable":true,"href":"https:\/\/www.gruen-wald.de\/wordpress\/wp-json\/wp\/v2\/tags?post=28196"}],"curies":[{"name":"wp","href":"https:\/\/api.w.org\/{rel}","templated":true}]}}