{"id":28015,"date":"2014-02-13T20:59:03","date_gmt":"2014-02-13T19:59:03","guid":{"rendered":"http:\/\/blog.coaster.de\/wp\/?p=28015"},"modified":"2014-02-13T20:59:03","modified_gmt":"2014-02-13T19:59:03","slug":"fantasyfilmfest-nights-rigor-mortis","status":"publish","type":"post","link":"https:\/\/www.gruen-wald.de\/wordpress\/film-kultur\/fantasyfilmfest-nights-rigor-mortis\/","title":{"rendered":"FantasyFilmfest Nights: Rigor Mortis"},"content":{"rendered":"<p>Die Fantasy Filmfest Nights stehen vor der T\u00fcr und es gibt wieder ein paar Filme, die ich durchaus interessant finde. Beispielsweise:<\/p>\n<p><strong>Rigor Mortis<\/strong>, von Juno Mak.<\/p>\n<p>Die Story ist f\u00fcr mich erst mal f\u00fcr&#8217;n Popo, da ich mit dem ausgelutschten Vampirthema nicht mehr viel anfangen kann. Au\u00dferdem bin ich im chinesischen Vampirkino nicht so firm (auch wenn ich ein begeisterter Chinese-Ghost-Story-Gucker bin). Begeistert hat mich bei diesem Trailer einfach nur der geniale Look, den man vermutlich einmal auf der gro\u00dfen Leinwand gesehen haben sollte. Kein 100%-Kandidat f\u00fcr mich, aber wenn er zu einer passenden Zeit kommt, bin ich dabei.<\/p>\n<p>(<a href=\"https:\/\/www.youtube.com\/v\/8ax65-ulouA\">Zum Tailer<\/a>)<\/p>\n","protected":false},"excerpt":{"rendered":"<p>Die Fantasy Filmfest Nights stehen vor der T\u00fcr und es gibt wieder ein paar Filme, die ich durchaus interessant finde.&hellip;<\/p>\n","protected":false},"author":1,"featured_media":0,"comment_status":"open","ping_status":"open","sticky":false,"template":"","format":"standard","meta":{"footnotes":"","_links_to":"","_links_to_target":""},"categories":[7],"tags":[],"class_list":["post-28015","post","type-post","status-publish","format-standard","hentry","category-film-kultur"],"_links":{"self":[{"href":"https:\/\/www.gruen-wald.de\/wordpress\/wp-json\/wp\/v2\/posts\/28015","targetHints":{"allow":["GET"]}}],"collection":[{"href":"https:\/\/www.gruen-wald.de\/wordpress\/wp-json\/wp\/v2\/posts"}],"about":[{"href":"https:\/\/www.gruen-wald.de\/wordpress\/wp-json\/wp\/v2\/types\/post"}],"author":[{"embeddable":true,"href":"https:\/\/www.gruen-wald.de\/wordpress\/wp-json\/wp\/v2\/users\/1"}],"replies":[{"embeddable":true,"href":"https:\/\/www.gruen-wald.de\/wordpress\/wp-json\/wp\/v2\/comments?post=28015"}],"version-history":[{"count":0,"href":"https:\/\/www.gruen-wald.de\/wordpress\/wp-json\/wp\/v2\/posts\/28015\/revisions"}],"wp:attachment":[{"href":"https:\/\/www.gruen-wald.de\/wordpress\/wp-json\/wp\/v2\/media?parent=28015"}],"wp:term":[{"taxonomy":"category","embeddable":true,"href":"https:\/\/www.gruen-wald.de\/wordpress\/wp-json\/wp\/v2\/categories?post=28015"},{"taxonomy":"post_tag","embeddable":true,"href":"https:\/\/www.gruen-wald.de\/wordpress\/wp-json\/wp\/v2\/tags?post=28015"}],"curies":[{"name":"wp","href":"https:\/\/api.w.org\/{rel}","templated":true}]}}