{"id":28010,"date":"2014-02-06T17:51:30","date_gmt":"2014-02-06T16:51:30","guid":{"rendered":"http:\/\/blog.coaster.de\/wp\/?p=28010"},"modified":"2014-02-06T17:51:30","modified_gmt":"2014-02-06T16:51:30","slug":"fantasyfilmfest-nights-snowpiercer","status":"publish","type":"post","link":"https:\/\/www.gruen-wald.de\/wordpress\/film-kultur\/fantasyfilmfest-nights-snowpiercer\/","title":{"rendered":"FantasyFilmfest Nights: Snowpiercer"},"content":{"rendered":"<p>Die Fantasy Filmfest Nights stehen vor der T\u00fcr und es gibt wieder ein paar Filme, die ich durchaus interessant finde. Beispielsweise:<\/p>\n<p><strong>Snowpiercer<\/strong> von Bong Joon-ho, produziert von Park Chan-wook (I&#8217;m a Cyborg, But That&#8217;s OK, Oldboy):<\/p>\n<blockquote><p>Auf der Erde ist eine neue Eiszeit angebrochen. Ein Experiment, das die Menschheit vor der globalen Erw\u00e4rmung retten sollte, ist furchtbar schief gegangen. Wer \u00fcberleben will, muss sich einen von nur 1001 Pl\u00e4tzen im so genannten Schneezug sichern. Doch selbst die, denen das gelingt, sind noch lange nicht in Sicherheit. Im Schienengef\u00e4hrt steigen die Spannungen zwischen den wohlhabenden Mitfahrern, die in ihren Wagons im Luxus schwelgen und armen Reisenden, die jeden Tag um ihr \u00dcberleben k\u00e4mpfen m\u00fcssen. (Quelle: <a href=\"http:\/\/www.filmjunkies.de\/film\/1019\/\">filmjunkies.de<\/a>)<\/p><\/blockquote>\n<p>Ich liebe Filme in reduzierten Locations. &#8222;Cube&#8220; ist einer meiner absoluten Lieblingsfilme und &#8222;The Last Express&#8220; eines meiner Lieblings-Computerspiele. Eigentlich ist damit klar, dass Snowpiercer, das zu 90% im Zug spielen soll, f\u00fcr mich ein Muss ist. Au\u00dferdem ist bereits die Vorgeschichte des Filmstarts ph\u00e4nomenal:<\/p>\n<blockquote><p>Ab 3. April wird man in Deutschland (&#8230;) &#8222;Snowpiercer&#8220; sehen k\u00f6nnen.(&#8230;) Wenn es nach Harvey Weinstein gegangen w\u00e4re, (&#8230;) w\u00e4re es selbst dazu nie gekommen: Er verhinderte den Kinostart von &#8222;Snowpiercer&#8220; bisher in den meisten L\u00e4ndern der Welt. Warum das so ist, ist schwer zu begreifen. Jedenfalls liegt es nicht daran, dass der Film schlecht w\u00e4re. Weinstein h\u00e4lt ihn eher f\u00fcr &#8222;zu intelligent&#8220; f\u00fcr das US-Publikum.&#8220; (Quelle und mehr <a href=\"http:\/\/www.spiegel.de\/kultur\/kino\/berlinale-film-snowpiercer-streit-um-kuerzungen-verhindert-internationalen-filmstart-a-942382.html\">hier im Spiegel<\/a>).<\/p><\/blockquote>\n<p>(<a href=\"http:\/\/www.youtube.com\/v\/r6UmqNuMdY4\">Zum Tailer<\/a>)<\/p>\n","protected":false},"excerpt":{"rendered":"<p>Die Fantasy Filmfest Nights stehen vor der T\u00fcr und es gibt wieder ein paar Filme, die ich durchaus interessant finde.&hellip;<\/p>\n","protected":false},"author":1,"featured_media":0,"comment_status":"open","ping_status":"open","sticky":false,"template":"","format":"standard","meta":{"footnotes":"","_links_to":"","_links_to_target":""},"categories":[7],"tags":[],"class_list":["post-28010","post","type-post","status-publish","format-standard","hentry","category-film-kultur"],"_links":{"self":[{"href":"https:\/\/www.gruen-wald.de\/wordpress\/wp-json\/wp\/v2\/posts\/28010","targetHints":{"allow":["GET"]}}],"collection":[{"href":"https:\/\/www.gruen-wald.de\/wordpress\/wp-json\/wp\/v2\/posts"}],"about":[{"href":"https:\/\/www.gruen-wald.de\/wordpress\/wp-json\/wp\/v2\/types\/post"}],"author":[{"embeddable":true,"href":"https:\/\/www.gruen-wald.de\/wordpress\/wp-json\/wp\/v2\/users\/1"}],"replies":[{"embeddable":true,"href":"https:\/\/www.gruen-wald.de\/wordpress\/wp-json\/wp\/v2\/comments?post=28010"}],"version-history":[{"count":0,"href":"https:\/\/www.gruen-wald.de\/wordpress\/wp-json\/wp\/v2\/posts\/28010\/revisions"}],"wp:attachment":[{"href":"https:\/\/www.gruen-wald.de\/wordpress\/wp-json\/wp\/v2\/media?parent=28010"}],"wp:term":[{"taxonomy":"category","embeddable":true,"href":"https:\/\/www.gruen-wald.de\/wordpress\/wp-json\/wp\/v2\/categories?post=28010"},{"taxonomy":"post_tag","embeddable":true,"href":"https:\/\/www.gruen-wald.de\/wordpress\/wp-json\/wp\/v2\/tags?post=28010"}],"curies":[{"name":"wp","href":"https:\/\/api.w.org\/{rel}","templated":true}]}}