{"id":27851,"date":"2014-01-27T00:01:23","date_gmt":"2014-01-26T23:01:23","guid":{"rendered":"http:\/\/blog.coaster.de\/wp\/?p=27851"},"modified":"2014-01-27T00:01:23","modified_gmt":"2014-01-26T23:01:23","slug":"geheimdienst-historie-der-brd","status":"publish","type":"post","link":"https:\/\/www.gruen-wald.de\/wordpress\/gesellschaft\/geheimdienst-historie-der-brd\/","title":{"rendered":"30C3: Geheimdienst-Historie der BRD"},"content":{"rendered":"<p>Ich freue mich immer, wenn &#8222;branchenfremde&#8220; Redner beim CCC-Congress einen Talk halten. Es stellt sicher, dass neue Perspektiven in die doch manchmal sehr einseitig blickende Community einflie\u00dfen. Diesmal hat mir z.B. der Vortrag vom Historiker <a href=\"http:\/\/de.wikipedia.org\/wiki\/Josef_Foschepoth\">Josef Foschepoth<\/a> (Professor f\u00fcr Zeitgeschichte an der Albert-Ludwigs-Universit\u00e4t Freiburg) gut gefallen, der ein wenig nerv\u00f6s ob der obskurzen Zuh\u00f6rerschaft seine Erkenntnisse \u00fcber die\u00a0<strong>historischen Besonderheiten der BRD-Geheimdienste<\/strong> mitteilte. Dabei habe ich durchaus einige spannenden Sachen erfahren, die ich bislang noch \u00fcberhaupt nicht wusste. Ein Teil der Erkenntnisse scheinen auch in <a href=\"http:\/\/www.youtube.com\/v\/hp0FVvpfbFU\">dieser legend\u00e4re Gysi-Rede<\/a> verarbeitet worden zu sein.<\/p>\n<p>Ein weiterer Beleg f\u00fcr den diesj\u00e4hrigen, herausragenden 30C3. Der Vortrag hat es bislang noch nicht in die offiziellen CCC-Seiten geschafft, aber bei Youtube gibt es einen Live-Mitschnitt des Streams. Beginn ist ungef\u00e4hr bei Minute 10:<\/p>\n<p style=\"text-align: center;\"><iframe loading=\"lazy\" src=\"\/\/www.youtube.com\/embed\/iveRoImuSUU?rel=0\" frameborder=\"0\" width=\"560\" height=\"315\"><\/iframe><\/p>\n","protected":false},"excerpt":{"rendered":"<p>Ich freue mich immer, wenn &#8222;branchenfremde&#8220; Redner beim CCC-Congress einen Talk halten. Es stellt sicher, dass neue Perspektiven in die&hellip;<\/p>\n","protected":false},"author":1,"featured_media":0,"comment_status":"open","ping_status":"open","sticky":false,"template":"","format":"standard","meta":{"footnotes":"","_links_to":"","_links_to_target":""},"categories":[10],"tags":[],"class_list":["post-27851","post","type-post","status-publish","format-standard","hentry","category-gesellschaft"],"_links":{"self":[{"href":"https:\/\/www.gruen-wald.de\/wordpress\/wp-json\/wp\/v2\/posts\/27851"}],"collection":[{"href":"https:\/\/www.gruen-wald.de\/wordpress\/wp-json\/wp\/v2\/posts"}],"about":[{"href":"https:\/\/www.gruen-wald.de\/wordpress\/wp-json\/wp\/v2\/types\/post"}],"author":[{"embeddable":true,"href":"https:\/\/www.gruen-wald.de\/wordpress\/wp-json\/wp\/v2\/users\/1"}],"replies":[{"embeddable":true,"href":"https:\/\/www.gruen-wald.de\/wordpress\/wp-json\/wp\/v2\/comments?post=27851"}],"version-history":[{"count":0,"href":"https:\/\/www.gruen-wald.de\/wordpress\/wp-json\/wp\/v2\/posts\/27851\/revisions"}],"wp:attachment":[{"href":"https:\/\/www.gruen-wald.de\/wordpress\/wp-json\/wp\/v2\/media?parent=27851"}],"wp:term":[{"taxonomy":"category","embeddable":true,"href":"https:\/\/www.gruen-wald.de\/wordpress\/wp-json\/wp\/v2\/categories?post=27851"},{"taxonomy":"post_tag","embeddable":true,"href":"https:\/\/www.gruen-wald.de\/wordpress\/wp-json\/wp\/v2\/tags?post=27851"}],"curies":[{"name":"wp","href":"https:\/\/api.w.org\/{rel}","templated":true}]}}