{"id":27792,"date":"2014-01-18T11:40:13","date_gmt":"2014-01-18T10:40:13","guid":{"rendered":"http:\/\/blog.coaster.de\/wp\/?p=27792"},"modified":"2014-01-18T11:40:13","modified_gmt":"2014-01-18T10:40:13","slug":"kleine-updates-bei-bastitours","status":"publish","type":"post","link":"https:\/\/www.gruen-wald.de\/wordpress\/events\/kleine-updates-bei-bastitours\/","title":{"rendered":"Kleine Updates bei BastiTours"},"content":{"rendered":"<p style=\"text-align: left;\"><img loading=\"lazy\" decoding=\"async\" class=\"aligncenter\" title=\"BastiTours\" src=\"http:\/\/blog.coaster.de\/wp\/wp-content\/uploads\/bastitours.jpg\" alt=\"\" width=\"560\" height=\"150\" \/><br \/>\nLange Zeit war der <a href=\"http:\/\/blog.coaster.de\/wp\/?page_id=19817\">BastiTours-Event-Bereich<\/a> jetzt g\u00e4hnend leer. Zum einen h\u00e4ngt das einfach damit zusammen, dass wir in 2013 (fast) alle Touren geschafft haben, die wir uns vorgenommen haben (und alle vergangenen Touren dann automatisch archiviert werden). Fleissig! Fleissig! Wer&#8217;s genau wissen will, findet wie immer bei <a href=\"http:\/\/www.gipfelreisen.de\/\">GipfelReisen.de<\/a> Erinnerungs-Videos von den einzelnen Events.<\/p>\n<p>Ein weiterer Grund ist, dass momentan alle weiteren Touren bei mir in klassischer Papierform vorliegen und ich bislang nicht die Muse gefunden habe, sie in digitale Form zu \u00fcbertragen. Keine Sorge: Ideen gibt es weiterhin genug f\u00fcr die n\u00e4chsten 10 Jahre! \ud83d\ude09 Da aber bereits erste Nachfragen kamen, werde ich die kommenden Tage ein paar der bereits ausgereifteren Touren f\u00fcr Winter und Sommer 2014 sukzessive einpflegen, damit sich die Interessenten schon mal informieren k\u00f6nnen, was denkbar ist.<\/p>\n<p>Wer eine f\u00fcr sich interessante Tour entdeckt, kann sich also ab sofort schon mal wieder &#8222;vormerken&#8220; lassen. Dann gibt&#8217;s von meinem System automatisch einen Mail-Hinweis, wenn ich einen konkreten Tag festgelegt sowie das Tourendokument finalisiert habe. Bis dahin sind alle Terminangaben wie immer nur grobe Richtwerte (Stichwort: Wetterbedingungen). Wer sein Passwort vom letzten Jahr nicht mehr wei\u00df, kann es <a href=\"http:\/\/blog.coaster.de\/wp\/wp-login.php?action=lostpassword\">hier\u00fcber neu anfordern<\/a>. Eure bisherigen &#8222;Vormerkungen&#8220; sind weiterhin <a href=\"http:\/\/blog.coaster.de\/wp\/?page_id=19821\">hier einsehbar<\/a>. (Und wie immer muss die \u00dcbersicht nicht vollst\u00e4ndig sein. Einige Touren mache ich nicht \u00f6ffentlich, andere finden sich m\u00f6glicherweise auch ausschlie\u00dflich als Aushang bei <a href=\"http:\/\/www.adventure-treff.de\/forum\/viewtopic.php?f=1&amp;t=18568\">Adventure-Treff.de<\/a>. Aber das nur am Rande.) \ud83d\ude42<\/p>\n","protected":false},"excerpt":{"rendered":"<p>Lange Zeit war der BastiTours-Event-Bereich jetzt g\u00e4hnend leer. Zum einen h\u00e4ngt das einfach damit zusammen, dass wir in 2013 (fast)&hellip;<\/p>\n","protected":false},"author":1,"featured_media":0,"comment_status":"open","ping_status":"open","sticky":false,"template":"","format":"standard","meta":{"footnotes":"","_links_to":"","_links_to_target":""},"categories":[6],"tags":[],"class_list":["post-27792","post","type-post","status-publish","format-standard","hentry","category-events"],"_links":{"self":[{"href":"https:\/\/www.gruen-wald.de\/wordpress\/wp-json\/wp\/v2\/posts\/27792","targetHints":{"allow":["GET"]}}],"collection":[{"href":"https:\/\/www.gruen-wald.de\/wordpress\/wp-json\/wp\/v2\/posts"}],"about":[{"href":"https:\/\/www.gruen-wald.de\/wordpress\/wp-json\/wp\/v2\/types\/post"}],"author":[{"embeddable":true,"href":"https:\/\/www.gruen-wald.de\/wordpress\/wp-json\/wp\/v2\/users\/1"}],"replies":[{"embeddable":true,"href":"https:\/\/www.gruen-wald.de\/wordpress\/wp-json\/wp\/v2\/comments?post=27792"}],"version-history":[{"count":0,"href":"https:\/\/www.gruen-wald.de\/wordpress\/wp-json\/wp\/v2\/posts\/27792\/revisions"}],"wp:attachment":[{"href":"https:\/\/www.gruen-wald.de\/wordpress\/wp-json\/wp\/v2\/media?parent=27792"}],"wp:term":[{"taxonomy":"category","embeddable":true,"href":"https:\/\/www.gruen-wald.de\/wordpress\/wp-json\/wp\/v2\/categories?post=27792"},{"taxonomy":"post_tag","embeddable":true,"href":"https:\/\/www.gruen-wald.de\/wordpress\/wp-json\/wp\/v2\/tags?post=27792"}],"curies":[{"name":"wp","href":"https:\/\/api.w.org\/{rel}","templated":true}]}}