{"id":27331,"date":"2013-12-06T00:01:06","date_gmt":"2013-12-05T23:01:06","guid":{"rendered":"http:\/\/blog.coaster.de\/wp\/?p=27331"},"modified":"2013-12-06T00:01:06","modified_gmt":"2013-12-05T23:01:06","slug":"snowden-und-die-zukunft-3","status":"publish","type":"post","link":"https:\/\/www.gruen-wald.de\/wordpress\/bildung\/snowden-und-die-zukunft-3\/","title":{"rendered":"Snowden und die Zukunft (3)"},"content":{"rendered":"<p>Zuerst fand ich diese Sitzung von &#8222;Snowden and the Future&#8220; ein wenig merkw\u00fcrdig und holprig. In der letzten Vorlesung ging es um die Argumentation, weshalb gesellschaftspolitischer Widerstand gegen\u00fcber der \u00dcberwachung notwendig sei. In dieser Sitzung stellt Moglen ein Gleichnis mit der Befreiung der Sklaven auf &#8211; und wie sich diese aus ihrer Sklaverei befreit hatten.<\/p>\n<p>Insgesamt finde ich diese genannten Punkte aber \u00e4u\u00dferst zentral. Am meisten gefreut hat mich, dass Moglen endlich das Thema der &#8222;Lese\u00fcberwachung&#8220; anspricht.<\/p>\n<p>Immer wieder h\u00f6re ich im Bekannten- und Verwandtenkreis das Argument, dass man im Internet ja garnichts mehr poste, damit seine Daten nicht in fremde H\u00e4nden gelangten. In Facebook ist man angemeldet, aber man ver\u00f6ffentlicht nichts. Nutzen &#8211; klar, das tut man das Internet. Aber so lange man nichts &#8222;da rein stelle&#8220;, sei man ja praktisch auf der sicheren Seite.<\/p>\n<p>Tats\u00e4chlich sehe ich es anders rum. Die M\u00f6glichkeit, das Internet als Publikationswerkzeug zu benutzen, macht es erst demokratisch. Die Tatsache, dass wir (nat\u00fcrlich bewusst) publizieren, macht auch die komplette Welt demokratischer. Genau das ist es ja, wovor die \u00dcberwacher eigentlich Angst haben. Sobald sich aber immer weniger Menschen trauen, ihre Meinung zu \u00e4u\u00dfern, verlieren wir dieses Privileg.<\/p>\n<p>Die \u00dcberwachung setzt genau dort an. Die eigenen Daten selbst sind am Ende vielleicht garnicht mal so gef\u00e4hrlich. Es sind die Meta-Daten, die gef\u00e4hrlich werden: Wer liest was wann und warum? Wer befindet sich wann wo? Das Lesen sagt viel mehr \u00fcber einen Menschen aus, als das Publizieren. Das Publizieren ist steuerbar. Das Lesen hingegen ist das Grundrecht jedes Menschen auf Wissen &#8211; und ben\u00f6tigt daher bedingungslose Geheimhaltung.<\/p>\n<p>Die Tatsache, dass die Geheimdienste den Internet-Verkehr abgreifen, zeigt ganz deutlich, dass sie wissen m\u00f6chten, was wir lesen, was wir meinen &#8211; und ob wir eine Gefahr f\u00fcr den status quo sind. Wer der Meinung ist, nichts zu ver\u00f6ffentlichen und sich still zu verhalten sei eine L\u00f6sung, spielt in einer voll\u00fcberwachten Welt am Ende den \u00dcberwachern in die Hand.<\/p>\n<p>Darum geht&#8217;s diesmal. Sitzung 3. Bittesch\u00f6n:<\/p>\n<p style=\"text-align: center;\"><iframe loading=\"lazy\" src=\"\/\/www.youtube.com\/embed\/ywgYg26d-LA?rel=0\" frameborder=\"0\" width=\"560\" height=\"315\"><\/iframe><br \/>\n(CC-BY-ND 4.0)<\/p>\n<p>Frohen Nikolaustag!<\/p>\n","protected":false},"excerpt":{"rendered":"<p>Zuerst fand ich diese Sitzung von &#8222;Snowden and the Future&#8220; ein wenig merkw\u00fcrdig und holprig. In der letzten Vorlesung ging&hellip;<\/p>\n","protected":false},"author":1,"featured_media":0,"comment_status":"open","ping_status":"open","sticky":false,"template":"","format":"standard","meta":{"footnotes":"","_links_to":"","_links_to_target":""},"categories":[3],"tags":[],"class_list":["post-27331","post","type-post","status-publish","format-standard","hentry","category-bildung"],"_links":{"self":[{"href":"https:\/\/www.gruen-wald.de\/wordpress\/wp-json\/wp\/v2\/posts\/27331","targetHints":{"allow":["GET"]}}],"collection":[{"href":"https:\/\/www.gruen-wald.de\/wordpress\/wp-json\/wp\/v2\/posts"}],"about":[{"href":"https:\/\/www.gruen-wald.de\/wordpress\/wp-json\/wp\/v2\/types\/post"}],"author":[{"embeddable":true,"href":"https:\/\/www.gruen-wald.de\/wordpress\/wp-json\/wp\/v2\/users\/1"}],"replies":[{"embeddable":true,"href":"https:\/\/www.gruen-wald.de\/wordpress\/wp-json\/wp\/v2\/comments?post=27331"}],"version-history":[{"count":0,"href":"https:\/\/www.gruen-wald.de\/wordpress\/wp-json\/wp\/v2\/posts\/27331\/revisions"}],"wp:attachment":[{"href":"https:\/\/www.gruen-wald.de\/wordpress\/wp-json\/wp\/v2\/media?parent=27331"}],"wp:term":[{"taxonomy":"category","embeddable":true,"href":"https:\/\/www.gruen-wald.de\/wordpress\/wp-json\/wp\/v2\/categories?post=27331"},{"taxonomy":"post_tag","embeddable":true,"href":"https:\/\/www.gruen-wald.de\/wordpress\/wp-json\/wp\/v2\/tags?post=27331"}],"curies":[{"name":"wp","href":"https:\/\/api.w.org\/{rel}","templated":true}]}}