{"id":27246,"date":"2013-11-22T22:49:15","date_gmt":"2013-11-22T21:49:15","guid":{"rendered":"http:\/\/blog.coaster.de\/wp\/?p=27246"},"modified":"2013-11-22T22:49:15","modified_gmt":"2013-11-22T21:49:15","slug":"disney-castle-moments","status":"publish","type":"post","link":"https:\/\/www.gruen-wald.de\/wordpress\/erlebniswelten\/disney-castle-moments\/","title":{"rendered":"Disney Castle Moments"},"content":{"rendered":"<p>Die Technologie von Disney Dreams! wird nicht nur f\u00fcr die Show selbst genutzt sondern auch f\u00fcr eine Ambient-Untermalung des Schlosses am Abend (quasi im Sinne eines Weihnachts-Gru\u00dfes und nat\u00fcrlich um die Leute zum Hub zu leiten, bevor Dreams! beginnt):<\/p>\n<p style=\"text-align: center;\"><iframe loading=\"lazy\" src=\"\/\/www.youtube.com\/embed\/01D1gVeGlck?rel=0\" frameborder=\"0\" width=\"560\" height=\"315\"><\/iframe><br \/>\n(<a href=\"http:\/\/www.youtube.com\/v\/01D1gVeGlck\">Video bei Youtube ansehen<\/a>)<\/p>\n<p>Mir pers\u00f6nlich gef\u00e4llt dieses charakter-freie Stimmungsprogramm ja noch deutlich besser als die Show selbst, auch wenn die Pyrotechnik nat\u00fcrlich fehlt. Die Projektion wirkt viel stimmiger, wenn sie nicht von Charakteren abh\u00e4ngig ist. Nur meine Meinung&#8230;<\/p>\n","protected":false},"excerpt":{"rendered":"<p>Die Technologie von Disney Dreams! wird nicht nur f\u00fcr die Show selbst genutzt sondern auch f\u00fcr eine Ambient-Untermalung des Schlosses&hellip;<\/p>\n","protected":false},"author":1,"featured_media":0,"comment_status":"open","ping_status":"open","sticky":false,"template":"","format":"standard","meta":{"footnotes":"","_links_to":"","_links_to_target":""},"categories":[5],"tags":[],"class_list":["post-27246","post","type-post","status-publish","format-standard","hentry","category-erlebniswelten"],"_links":{"self":[{"href":"https:\/\/www.gruen-wald.de\/wordpress\/wp-json\/wp\/v2\/posts\/27246","targetHints":{"allow":["GET"]}}],"collection":[{"href":"https:\/\/www.gruen-wald.de\/wordpress\/wp-json\/wp\/v2\/posts"}],"about":[{"href":"https:\/\/www.gruen-wald.de\/wordpress\/wp-json\/wp\/v2\/types\/post"}],"author":[{"embeddable":true,"href":"https:\/\/www.gruen-wald.de\/wordpress\/wp-json\/wp\/v2\/users\/1"}],"replies":[{"embeddable":true,"href":"https:\/\/www.gruen-wald.de\/wordpress\/wp-json\/wp\/v2\/comments?post=27246"}],"version-history":[{"count":0,"href":"https:\/\/www.gruen-wald.de\/wordpress\/wp-json\/wp\/v2\/posts\/27246\/revisions"}],"wp:attachment":[{"href":"https:\/\/www.gruen-wald.de\/wordpress\/wp-json\/wp\/v2\/media?parent=27246"}],"wp:term":[{"taxonomy":"category","embeddable":true,"href":"https:\/\/www.gruen-wald.de\/wordpress\/wp-json\/wp\/v2\/categories?post=27246"},{"taxonomy":"post_tag","embeddable":true,"href":"https:\/\/www.gruen-wald.de\/wordpress\/wp-json\/wp\/v2\/tags?post=27246"}],"curies":[{"name":"wp","href":"https:\/\/api.w.org\/{rel}","templated":true}]}}