{"id":27167,"date":"2013-11-12T22:58:07","date_gmt":"2013-11-12T21:58:07","guid":{"rendered":"http:\/\/blog.coaster.de\/wp\/?p=27167"},"modified":"2013-11-12T22:58:07","modified_gmt":"2013-11-12T21:58:07","slug":"vergewaltigung-glaubwurdigkeit-und-der-fall-arnold","status":"publish","type":"post","link":"https:\/\/www.gruen-wald.de\/wordpress\/medien\/vergewaltigung-glaubwurdigkeit-und-der-fall-arnold\/","title":{"rendered":"Vergewaltigung, Glaubw\u00fcrdigkeit und der Fall Arnold"},"content":{"rendered":"<p>In letzter Zeit h\u00f6re ich vor dem Schlafen gehen recht gerne Radio-Features &#8211; also Dokumentationen im Radio. Es ist irgendwie ein spannender Mix aus H\u00f6rbuch mit Fakten und wir definitiv viel zu wenig produziert. Aktueller H\u00f6rtipp f\u00fcr mich: &#8222;<strong>Der Fall Arnold<\/strong>&#8220; &#8211; kostenlos anzuh\u00f6ren <a href=\"http:\/\/mp3-download.ard.de\/radio\/radiofeature\/der_fall_arnold_ndr_compl.mp3\">hier<\/a>.<\/p>\n<p>Es geht um das leidige Thema Vergewaltigungsvorw\u00fcrfe und Glaubw\u00fcrdigkeit &#8211; und da spielt der Fall Arnold wohl eine ganz zentrale Rolle. Der Vergewaltigungsparagraf ist und bleibt ohne Zweifel problematisch &#8211; u.a. ja schon, weil das Opfer in diesem Fall selbst auch Zeuge sein darf. In meinen Augen schaden die Kl\u00e4ger, die das -sei es auch Psychose oder aus Rache- ausnutzen, den Vergewaltigungsopfer was die M\u00f6glichkeit der sp\u00e4ten Gerechtigkeit betrifft vielleicht noch meisten.<\/p>\n<p>Horcht doch mal hinein!<\/p>\n","protected":false},"excerpt":{"rendered":"<p>In letzter Zeit h\u00f6re ich vor dem Schlafen gehen recht gerne Radio-Features &#8211; also Dokumentationen im Radio. Es ist irgendwie&hellip;<\/p>\n","protected":false},"author":1,"featured_media":0,"comment_status":"open","ping_status":"open","sticky":false,"template":"","format":"standard","meta":{"footnotes":"","_links_to":"","_links_to_target":""},"categories":[12],"tags":[],"class_list":["post-27167","post","type-post","status-publish","format-standard","hentry","category-medien"],"_links":{"self":[{"href":"https:\/\/www.gruen-wald.de\/wordpress\/wp-json\/wp\/v2\/posts\/27167","targetHints":{"allow":["GET"]}}],"collection":[{"href":"https:\/\/www.gruen-wald.de\/wordpress\/wp-json\/wp\/v2\/posts"}],"about":[{"href":"https:\/\/www.gruen-wald.de\/wordpress\/wp-json\/wp\/v2\/types\/post"}],"author":[{"embeddable":true,"href":"https:\/\/www.gruen-wald.de\/wordpress\/wp-json\/wp\/v2\/users\/1"}],"replies":[{"embeddable":true,"href":"https:\/\/www.gruen-wald.de\/wordpress\/wp-json\/wp\/v2\/comments?post=27167"}],"version-history":[{"count":0,"href":"https:\/\/www.gruen-wald.de\/wordpress\/wp-json\/wp\/v2\/posts\/27167\/revisions"}],"wp:attachment":[{"href":"https:\/\/www.gruen-wald.de\/wordpress\/wp-json\/wp\/v2\/media?parent=27167"}],"wp:term":[{"taxonomy":"category","embeddable":true,"href":"https:\/\/www.gruen-wald.de\/wordpress\/wp-json\/wp\/v2\/categories?post=27167"},{"taxonomy":"post_tag","embeddable":true,"href":"https:\/\/www.gruen-wald.de\/wordpress\/wp-json\/wp\/v2\/tags?post=27167"}],"curies":[{"name":"wp","href":"https:\/\/api.w.org\/{rel}","templated":true}]}}