{"id":26780,"date":"2013-09-21T00:01:34","date_gmt":"2013-09-20T22:01:34","guid":{"rendered":"http:\/\/blog.coaster.de\/wp\/?p=26780"},"modified":"2013-09-21T00:01:34","modified_gmt":"2013-09-20T22:01:34","slug":"wanderung-um-die-rampoldplatte","status":"publish","type":"post","link":"https:\/\/www.gruen-wald.de\/wordpress\/film-kultur\/wanderung-um-die-rampoldplatte\/","title":{"rendered":"Wanderung um die Rampoldplatte"},"content":{"rendered":"<p>Vorherbstliche Kurz-Wanderung in der Region Bad Feilnbach \u00fcber die <strong>Rampoldplatte<\/strong> mit kurzem Abstecher zum Hochsalwand-Steig. Eine sch\u00f6ne Gegend mit viel Natur, viel Tier, unfassbar gechillten (!) K\u00fchen und einem dichten Wegenetz, das Wanderm\u00f6glichkeiten f\u00fcr jeden Wandertypus, jeden Schwierigkeitsgrad und jedes Zeitbudget bereit h\u00e4lt. F\u00fcr die Hochsalwand hat&#8217;s zeitlich diesmal zwar nicht gereicht, aber man muss sich ja auch noch was f\u00fcr die Zukunft aufheben&#8230;<\/p>\n<p style=\"text-align: center;\"><iframe loading=\"lazy\" src=\"\/\/www.youtube.com\/embed\/Jd4JrKXXBD0?rel=0\" frameborder=\"0\" width=\"560\" height=\"315\"><\/iframe><\/p>\n","protected":false},"excerpt":{"rendered":"<p>Vorherbstliche Kurz-Wanderung in der Region Bad Feilnbach \u00fcber die Rampoldplatte mit kurzem Abstecher zum Hochsalwand-Steig. Eine sch\u00f6ne Gegend mit viel&hellip;<\/p>\n","protected":false},"author":1,"featured_media":0,"comment_status":"open","ping_status":"open","sticky":false,"template":"","format":"standard","meta":{"footnotes":"","_links_to":"","_links_to_target":""},"categories":[7],"tags":[],"class_list":["post-26780","post","type-post","status-publish","format-standard","hentry","category-film-kultur"],"_links":{"self":[{"href":"https:\/\/www.gruen-wald.de\/wordpress\/wp-json\/wp\/v2\/posts\/26780"}],"collection":[{"href":"https:\/\/www.gruen-wald.de\/wordpress\/wp-json\/wp\/v2\/posts"}],"about":[{"href":"https:\/\/www.gruen-wald.de\/wordpress\/wp-json\/wp\/v2\/types\/post"}],"author":[{"embeddable":true,"href":"https:\/\/www.gruen-wald.de\/wordpress\/wp-json\/wp\/v2\/users\/1"}],"replies":[{"embeddable":true,"href":"https:\/\/www.gruen-wald.de\/wordpress\/wp-json\/wp\/v2\/comments?post=26780"}],"version-history":[{"count":0,"href":"https:\/\/www.gruen-wald.de\/wordpress\/wp-json\/wp\/v2\/posts\/26780\/revisions"}],"wp:attachment":[{"href":"https:\/\/www.gruen-wald.de\/wordpress\/wp-json\/wp\/v2\/media?parent=26780"}],"wp:term":[{"taxonomy":"category","embeddable":true,"href":"https:\/\/www.gruen-wald.de\/wordpress\/wp-json\/wp\/v2\/categories?post=26780"},{"taxonomy":"post_tag","embeddable":true,"href":"https:\/\/www.gruen-wald.de\/wordpress\/wp-json\/wp\/v2\/tags?post=26780"}],"curies":[{"name":"wp","href":"https:\/\/api.w.org\/{rel}","templated":true}]}}